{"id":270792,"date":"2023-07-01T08:47:21","date_gmt":"2023-07-01T11:47:21","guid":{"rendered":"https:\/\/www.caririemacao.com\/1\/?p=270792"},"modified":"2023-07-01T08:47:31","modified_gmt":"2023-07-01T11:47:31","slug":"inelegivel-sem-ter-praticado-nenhum-crime-lamenta-cabo-gilberto","status":"publish","type":"post","link":"https:\/\/www.caririemacao.com\/1\/2023\/07\/01\/inelegivel-sem-ter-praticado-nenhum-crime-lamenta-cabo-gilberto\/","title":{"rendered":"\u201cIneleg\u00edvel sem ter praticado nenhum crime\u201d, lamenta Cabo Gilberto"},"content":{"rendered":"<p>O deputado federal e vice-l\u00edder da oposi\u00e7\u00e3o na C\u00e2mara Federal, Cabo Gilberto (PL), repudiou a decis\u00e3o da maioria do Tribunal Superior Eleitoral (TSE), que condenou o ex-presidente da Rep\u00fablica, Jair Bolsonaro (PL), \u00e0 inelegibilidade por 8 anos.<\/p>\n<p>Ap\u00f3s quatro sess\u00f5es de julgamento, o placar de 4 votos a 1 contra o ex-mandat\u00e1rio foi alcan\u00e7ado com o voto da ministra C\u00e1rmen L\u00facia. Ela adiantou que acompanharia a maioria pela condena\u00e7\u00e3o de Bolsonaro.<\/p>\n<p>Na avalia\u00e7\u00e3o da ministra,\u00a0a reuni\u00e3o foi\u00a0convocada por Bolsonaro para atacar o sistema eleitoral e ministros do Supremo Tribunal Federal (STF) e do TSE.<\/p>\n<p>Em v\u00eddeo publicado nas redes sociais, Cabo Gilberto afirmou que o TSE n\u00e3o tem base para cassar os direitos pol\u00edticos do ex-presidente, e afirmou que n\u00e3o houve abuso de poder pol\u00edtico, conforme a a\u00e7\u00e3o acusou. Para Cabo Gilberto, a medida trata-se de uma persegui\u00e7\u00e3o pol\u00edtica.<\/p>\n<p>\u201cPela primeira vez em nossa hist\u00f3ria, um presidente da Rep\u00fablica fica ineleg\u00edvel n\u00e3o por meter a m\u00e3o no seu dinheiro, por ser corrupto ou quebrar as estatais e acabar com o nosso pa\u00eds como Lula, Dilma e o PT fez. Mas sim, por conta de persegui\u00e7\u00e3o, arbitrariedade, irregularidade, a\u00e7\u00f5es inconstitucionais ao arrepio da lei. Ficou claro atrav\u00e9s do julgamento do TSE, que n\u00e3o tem base legal para cassar os direitos pol\u00edticos do presidente. Totalmente ao arrepio da lei. Isso \u00e9 impressionante em nosso pa\u00eds em pleno s\u00e9culo XXI. O nosso rep\u00fadio a mais essa a\u00e7\u00e3o por parte do Tribunal Superior Eleitoral que cassou os direitos pol\u00edticos do ex-presidente da Rep\u00fablica por abuso de poder pol\u00edtico. N\u00e3o teve nenhum abuso, o ex-presidente n\u00e3o foi beneficiado, n\u00e3o teve nenhum partido pol\u00edtico beneficiado, apenas uma reuni\u00e3o com embaixadores para fazer um contraponto ao ministro Faschin, que teria feito uma reuni\u00e3o antes com esses mesmo embaixadores para criticar direta e indiretamente o ex-presidente Bolsonaro. Isso sim \u00e9 ditadura! Isso sim \u00e9 ato antidemocr\u00e1tico\u201d, acusou.<\/p>\n","protected":false},"excerpt":{"rendered":"<p>O deputado federal e vice-l\u00edder da oposi\u00e7\u00e3o na C\u00e2mara Federal, Cabo Gilberto (PL), repudiou a decis\u00e3o da maioria do Tribunal Superior Eleitoral (TSE), que condenou&hellip; <\/p>\n","protected":false},"author":6,"featured_media":270793,"comment_status":"closed","ping_status":"closed","sticky":false,"template":"","format":"standard","meta":{"sfsi_plus_gutenberg_text_before_share":"","sfsi_plus_gutenberg_show_text_before_share":"","sfsi_plus_gutenberg_icon_type":"","sfsi_plus_gutenberg_icon_alignemt":"","sfsi_plus_gutenburg_max_per_row":"","footnotes":""},"categories":[104],"tags":[],"class_list":["post-270792","post","type-post","status-publish","format-standard","has-post-thumbnail","hentry","category-paraiba"],"_links":{"self":[{"href":"https:\/\/www.caririemacao.com\/1\/wp-json\/wp\/v2\/posts\/270792","targetHints":{"allow":["GET"]}}],"collection":[{"href":"https:\/\/www.caririemacao.com\/1\/wp-json\/wp\/v2\/posts"}],"about":[{"href":"https:\/\/www.caririemacao.com\/1\/wp-json\/wp\/v2\/types\/post"}],"author":[{"embeddable":true,"href":"https:\/\/www.caririemacao.com\/1\/wp-json\/wp\/v2\/users\/6"}],"replies":[{"embeddable":true,"href":"https:\/\/www.caririemacao.com\/1\/wp-json\/wp\/v2\/comments?post=270792"}],"version-history":[{"count":1,"href":"https:\/\/www.caririemacao.com\/1\/wp-json\/wp\/v2\/posts\/270792\/revisions"}],"predecessor-version":[{"id":270794,"href":"https:\/\/www.caririemacao.com\/1\/wp-json\/wp\/v2\/posts\/270792\/revisions\/270794"}],"wp:featuredmedia":[{"embeddable":true,"href":"https:\/\/www.caririemacao.com\/1\/wp-json\/wp\/v2\/media\/270793"}],"wp:attachment":[{"href":"https:\/\/www.caririemacao.com\/1\/wp-json\/wp\/v2\/media?parent=270792"}],"wp:term":[{"taxonomy":"category","embeddable":true,"href":"https:\/\/www.caririemacao.com\/1\/wp-json\/wp\/v2\/categories?post=270792"},{"taxonomy":"post_tag","embeddable":true,"href":"https:\/\/www.caririemacao.com\/1\/wp-json\/wp\/v2\/tags?post=270792"}],"curies":[{"name":"wp","href":"https:\/\/api.w.org\/{rel}","templated":true}]}}