{"id":270795,"date":"2023-07-01T11:00:01","date_gmt":"2023-07-01T14:00:01","guid":{"rendered":"https:\/\/www.caririemacao.com\/1\/?p=270795"},"modified":"2023-07-01T11:00:01","modified_gmt":"2023-07-01T14:00:01","slug":"brasil-estuda-formas-de-auxiliar-o-haiti-no-combate-a-violencia","status":"publish","type":"post","link":"https:\/\/www.caririemacao.com\/1\/2023\/07\/01\/brasil-estuda-formas-de-auxiliar-o-haiti-no-combate-a-violencia\/","title":{"rendered":"Brasil estuda formas de auxiliar o Haiti no combate \u00e0 viol\u00eancia"},"content":{"rendered":"<header class=\"pg-newDetail__header\">\n<div class=\"gs-container\">\n<div class=\"pg-newDetail__header__content\">\n<p class=\"pg-newDetail__resume\" style=\"text-align: center;\"><em><strong>H\u00e1 seis anos a miss\u00e3o Brasileira deixou o pa\u00eds caribenho.<\/strong><\/em><\/p>\n<p>Em agosto de 2017, militares brasileiros deixaram o Haiti ap\u00f3s 13 anos liderando a Miss\u00e3o de Estabiliza\u00e7\u00e3o no Haiti (Minustah) das Na\u00e7\u00f5es Unidas. Agora, quase seis anos depois, o Brasil estuda novas formas de auxiliar o governo do Haiti no combate \u00e0 viol\u00eancia que assola o pa\u00eds caribenho.<\/p>\n<p>Ap\u00f3s reuni\u00e3o com a chanceler do Canad\u00e1, M\u00e9lanie Joly, durante a semana, o ministro das Rela\u00e7\u00f5es Exteriores do Brasil, Mauro Vieira, informou que foram discutidas \u201cmodalidades de fortalecimento da Pol\u00edcia Nacional Haitiana para enfrentar os graves problemas de seguran\u00e7a p\u00fablica que afetam a vida naquele pa\u00eds\u201d. Foram di\u00e1logos explorat\u00f3rios que podem resultar em medidas de apoio a seguran\u00e7a p\u00fablica haitiana. Segundo Viera, o \u201cHaiti atravessa uma grave crise multidimensional que requer muita aten\u00e7\u00e3o por parte da comunidade internacional\u201d.<\/p>\n<p>Com a guerra na Ucr\u00e2nia, o Conselho de Seguran\u00e7a das Na\u00e7\u00f5es Unidas, que teria legitimidade de decidir sobre interven\u00e7\u00f5es em pa\u00edses soberanos, est\u00e1 paralisado. Com isso, alguns pa\u00edses, em especial o Canad\u00e1, t\u00eam liderado esfor\u00e7os para tentar combater a viol\u00eancia no Haiti. O Canad\u00e1 tem aplicado san\u00e7\u00f5es econ\u00f4micas contra indiv\u00edduos que julga ter liga\u00e7\u00f5es com os grupos armados e anunciou a doa\u00e7\u00e3o de US$ 100 milh\u00f5es para o setor de seguran\u00e7a do pa\u00eds antilhano.<\/p>\n<p>Em nota, a embaixada do Canad\u00e1 no Brasil informou que a reuni\u00e3o com o governo brasileiro serviu para discutir \u201csobre como cooperar para apoiar os esfor\u00e7os regionais no restabelecimento da seguran\u00e7a e fortalecimento das institui\u00e7\u00f5es no Haiti\u201d. A embaixada acrescentou que est\u00e3o \u201ctrabalhando ativamente para mobilizar pa\u00edses da regi\u00e3o\u201d e que o Canad\u00e1 apoia \u201csolu\u00e7\u00f5es lideradas pelos haitianos\u201d para resolver a atual crise.<\/p>\n<p><strong>Crise permanente\u00a0<\/strong><br \/>\nO Haiti segue mergulhado numa grave crise social, econ\u00f4mica e de seguran\u00e7a com grupos armados n\u00e3o estatais controlando extensos territ\u00f3rios da capital, Porto Principe. Segundo as Na\u00e7\u00f5es Unidas, mais da metade do territ\u00f3rio da regi\u00e3o metropolitana da capital apresenta \u201crestri\u00e7\u00f5es de movimento\u201d. Al\u00e9m disso, 47,2% da popula\u00e7\u00e3o est\u00e1 subnutrida, segundo dados da Organiza\u00e7\u00e3o das Na\u00e7\u00f5es Unidas para Agricultura e Alimenta\u00e7\u00e3o (FAO). A FAO aponta para \u201cn\u00edveis catastr\u00f3ficos\u201d de fome.<\/p>\n<p>A situa\u00e7\u00e3o, que nunca foi estabilizada, se agravou ap\u00f3s o assassinato do presidente Jovenel Moise, em julho de 2021. Desde ent\u00e3o, o primeiro-ministro que assumiu o governo, Ariel Henry, pede ajuda \u00e0 comunidade internacional para que intervenha no pa\u00eds, medida que tem sido defendida pelo secret\u00e1rio-geral das Na\u00e7\u00f5es Unidas, Ant\u00f3nio Guterres.<\/p>\n<p>FONTE: Click PB<\/p>\n<\/div>\n<\/div>\n<\/header>\n<div class=\"pg-newDetail__main gs-container\" style=\"text-align: center;\"><\/div>\n","protected":false},"excerpt":{"rendered":"<p>H\u00e1 seis anos a miss\u00e3o Brasileira deixou o pa\u00eds caribenho. Em agosto de 2017, militares brasileiros deixaram o Haiti ap\u00f3s 13 anos liderando a Miss\u00e3o&hellip; <\/p>\n","protected":false},"author":6,"featured_media":270796,"comment_status":"closed","ping_status":"closed","sticky":false,"template":"","format":"standard","meta":{"sfsi_plus_gutenberg_text_before_share":"","sfsi_plus_gutenberg_show_text_before_share":"","sfsi_plus_gutenberg_icon_type":"","sfsi_plus_gutenberg_icon_alignemt":"","sfsi_plus_gutenburg_max_per_row":"","footnotes":""},"categories":[50],"tags":[],"class_list":["post-270795","post","type-post","status-publish","format-standard","has-post-thumbnail","hentry","category-destaque"],"_links":{"self":[{"href":"https:\/\/www.caririemacao.com\/1\/wp-json\/wp\/v2\/posts\/270795","targetHints":{"allow":["GET"]}}],"collection":[{"href":"https:\/\/www.caririemacao.com\/1\/wp-json\/wp\/v2\/posts"}],"about":[{"href":"https:\/\/www.caririemacao.com\/1\/wp-json\/wp\/v2\/types\/post"}],"author":[{"embeddable":true,"href":"https:\/\/www.caririemacao.com\/1\/wp-json\/wp\/v2\/users\/6"}],"replies":[{"embeddable":true,"href":"https:\/\/www.caririemacao.com\/1\/wp-json\/wp\/v2\/comments?post=270795"}],"version-history":[{"count":1,"href":"https:\/\/www.caririemacao.com\/1\/wp-json\/wp\/v2\/posts\/270795\/revisions"}],"predecessor-version":[{"id":270797,"href":"https:\/\/www.caririemacao.com\/1\/wp-json\/wp\/v2\/posts\/270795\/revisions\/270797"}],"wp:featuredmedia":[{"embeddable":true,"href":"https:\/\/www.caririemacao.com\/1\/wp-json\/wp\/v2\/media\/270796"}],"wp:attachment":[{"href":"https:\/\/www.caririemacao.com\/1\/wp-json\/wp\/v2\/media?parent=270795"}],"wp:term":[{"taxonomy":"category","embeddable":true,"href":"https:\/\/www.caririemacao.com\/1\/wp-json\/wp\/v2\/categories?post=270795"},{"taxonomy":"post_tag","embeddable":true,"href":"https:\/\/www.caririemacao.com\/1\/wp-json\/wp\/v2\/tags?post=270795"}],"curies":[{"name":"wp","href":"https:\/\/api.w.org\/{rel}","templated":true}]}}