{"id":270798,"date":"2023-07-01T11:04:49","date_gmt":"2023-07-01T14:04:49","guid":{"rendered":"https:\/\/www.caririemacao.com\/1\/?p=270798"},"modified":"2023-07-01T11:04:49","modified_gmt":"2023-07-01T14:04:49","slug":"secretaria-de-esportes-realiza-congresso-tecnico-para-a-inedita-copa-dr-chico-de-futebol-feminino","status":"publish","type":"post","link":"https:\/\/www.caririemacao.com\/1\/2023\/07\/01\/secretaria-de-esportes-realiza-congresso-tecnico-para-a-inedita-copa-dr-chico-de-futebol-feminino\/","title":{"rendered":"Secretaria de Esportes realiza congresso t\u00e9cnico para a in\u00e9dita Copa Dr. Chico de futebol feminino"},"content":{"rendered":"<p>A Copa Dr. Chico de futebol feminino 2023, ter\u00e1 seu congresso t\u00e9cnico realizado na pr\u00f3xima quarta-feira, 05, no Teatro Jansen Filho, a partir das 19 horas.\u00a0Na ocasi\u00e3o dever\u00e3o ser apresentados, o regulamento, a f\u00f3rmula de disputa e sorteada a tabela da 1\u00aa fase da competi\u00e7\u00e3o, que contar\u00e1 com a participa\u00e7\u00e3o de 06 equipes.<\/p>\n<p>O congresso t\u00e9cnico contar\u00e1 com a presen\u00e7a da equipe da Secretaria de Esportes, demais secret\u00e1rios, vereadores, imprensa local, representantes e dirigentes das equipes, atletas, assim como tamb\u00e9m \u00e9 aguardada a presen\u00e7a da prefeita Anna Lorena, tornando-se um grande e concorrido evento de abertura da competi\u00e7\u00e3o.<\/p>\n<p>Participar\u00e3o da Copa Dr. Chico de Futebol Feminino, as seguintes equipes: V10 Monteiro (S\u00edtio Morcego), Real Cariri (S\u00edtio Tingui), Cruzeiro do Barro, Olaria, Barriguda e \u00c1guia Negra do S\u00edtio Amaro\/ Malhada da Pedra.<\/p>\n<p>A Copa Dr. Chico de futebol feminino ter\u00e1 sua 1\u00aa rodada realizada no pr\u00f3ximo domingo, dia 09, e ser\u00e1 disputada at\u00e9 o dia 03 de Setembro, quando ent\u00e3o ser\u00e1 conhecida\u00a0a 1\u00aa equipe\u00a0campe\u00e3\u00a0da hist\u00f3ria da competi\u00e7\u00e3o em uma grande partida festiva que dever\u00e1 acontecer no Complexo Esportivo O Feitos\u00e3o.<\/p>\n<p>FONTE: Cariri Ligado<\/p>\n","protected":false},"excerpt":{"rendered":"<p>A Copa Dr. Chico de futebol feminino 2023, ter\u00e1 seu congresso t\u00e9cnico realizado na pr\u00f3xima quarta-feira, 05, no Teatro Jansen Filho, a partir das 19&hellip; <\/p>\n","protected":false},"author":6,"featured_media":270799,"comment_status":"closed","ping_status":"closed","sticky":false,"template":"","format":"standard","meta":{"sfsi_plus_gutenberg_text_before_share":"","sfsi_plus_gutenberg_show_text_before_share":"","sfsi_plus_gutenberg_icon_type":"","sfsi_plus_gutenberg_icon_alignemt":"","sfsi_plus_gutenburg_max_per_row":"","footnotes":""},"categories":[50],"tags":[],"class_list":["post-270798","post","type-post","status-publish","format-standard","has-post-thumbnail","hentry","category-destaque"],"_links":{"self":[{"href":"https:\/\/www.caririemacao.com\/1\/wp-json\/wp\/v2\/posts\/270798","targetHints":{"allow":["GET"]}}],"collection":[{"href":"https:\/\/www.caririemacao.com\/1\/wp-json\/wp\/v2\/posts"}],"about":[{"href":"https:\/\/www.caririemacao.com\/1\/wp-json\/wp\/v2\/types\/post"}],"author":[{"embeddable":true,"href":"https:\/\/www.caririemacao.com\/1\/wp-json\/wp\/v2\/users\/6"}],"replies":[{"embeddable":true,"href":"https:\/\/www.caririemacao.com\/1\/wp-json\/wp\/v2\/comments?post=270798"}],"version-history":[{"count":1,"href":"https:\/\/www.caririemacao.com\/1\/wp-json\/wp\/v2\/posts\/270798\/revisions"}],"predecessor-version":[{"id":270800,"href":"https:\/\/www.caririemacao.com\/1\/wp-json\/wp\/v2\/posts\/270798\/revisions\/270800"}],"wp:featuredmedia":[{"embeddable":true,"href":"https:\/\/www.caririemacao.com\/1\/wp-json\/wp\/v2\/media\/270799"}],"wp:attachment":[{"href":"https:\/\/www.caririemacao.com\/1\/wp-json\/wp\/v2\/media?parent=270798"}],"wp:term":[{"taxonomy":"category","embeddable":true,"href":"https:\/\/www.caririemacao.com\/1\/wp-json\/wp\/v2\/categories?post=270798"},{"taxonomy":"post_tag","embeddable":true,"href":"https:\/\/www.caririemacao.com\/1\/wp-json\/wp\/v2\/tags?post=270798"}],"curies":[{"name":"wp","href":"https:\/\/api.w.org\/{rel}","templated":true}]}}