{"id":270801,"date":"2023-07-01T11:07:52","date_gmt":"2023-07-01T14:07:52","guid":{"rendered":"https:\/\/www.caririemacao.com\/1\/?p=270801"},"modified":"2023-07-01T11:07:52","modified_gmt":"2023-07-01T14:07:52","slug":"policia-prende-suspeito-de-estuprar-a-propria-neta-de-5-anos-na-paraiba","status":"publish","type":"post","link":"https:\/\/www.caririemacao.com\/1\/2023\/07\/01\/policia-prende-suspeito-de-estuprar-a-propria-neta-de-5-anos-na-paraiba\/","title":{"rendered":"Pol\u00edcia prende suspeito de estuprar a pr\u00f3pria neta de 5 anos na Para\u00edba"},"content":{"rendered":"<p>A Pol\u00edcia Civil, por meio da Delegacia de Barra de Santa Rosa, sob o comando do Delegado Decio Sousa, acaba de dar cumprimento a mandado de pris\u00e3o preventiva expedido em desfavor de JOS\u00c9 DOS SANTOS OLIVEIRA, conhecido por Z\u00c9 DE GERALDO, com 50 anos de idade, acusado de ter estuprado sua pr\u00f3pria neta, uma crian\u00e7a de apenas 5 anos de idade.<\/p>\n<p>Entenda o caso.<\/p>\n<p>Segundo a investiga\u00e7\u00e3o policial, no dia 25\/06 a m\u00e3e da crian\u00e7a observou um comportamento estranho, devido ao fato dela estar indo v\u00e1rios vezes no banheiro que n\u00e3o era de costume. Da\u00ed no dia seguinte foi conversar com a filha, quando ela mostrou a calcinha com marcas de sangue e com um l\u00edquido esbranqui\u00e7ado, momento em que se dirigiu a unidade de sa\u00fade em Barra de Santa Rosa, que acionou o Conselho Tutelar.<\/p>\n<p>Diante da comprova\u00e7\u00e3o do crime de estupro de vulner\u00e1vel, a m\u00e3e da crian\u00e7a e o conselho tutelar procuraram a delegacia de policia que, de imediato, registrou o boletim de ocorr\u00eancia e requisitou o exame sexol\u00f3gico para confirma\u00e7\u00e3o da Viol\u00eancia sexual.<\/p>\n<p>Em seguida foi instaurado inqu\u00e9rito policial, sendo colhido os elementos probat\u00f3rios, em especial, com a juntada do laudo de exame sexol\u00f3gico que comprovou a viol\u00eancia sexual com a ruptura him\u00eanio da crian\u00e7a de 5 anos.<\/p>\n<p>Diante do perfil cerimonial do preso, a investiga\u00e7\u00e3o vai se aprofundar para colher informa\u00e7\u00f5es se o acusado possa ter violentado sexualmente de outras crian\u00e7as e parentes anteriormente.<\/p>\n<p>Com base nisso, foi ofertada representa\u00e7\u00e3o de pris\u00e3o preventiva, pois al\u00e9m da barbaridade da pr\u00e1tica criminosa se propalava rumores que o acusado estava planejando fugir para n\u00e3o ser preso.<\/p>\n<p>Expedido o mandado de pris\u00e3o, os investigadores da Delegacia de Barra de Santa Rosa empreenderam dilig\u00eancias e localizaram o acusado no s\u00edtio , zona rural do munic\u00edpio, sendo dado cumprimento ao mandado de pris\u00e3o.<\/p>\n<p>Ato cont\u00ednuo, o preso est\u00e1 sendo recolhido ao setor de carceragem para apresenta\u00e7\u00e3o na audi\u00eancia de cust\u00f3dia.<\/p>\n<p>FONTE: Cariri Ligado<\/p>\n","protected":false},"excerpt":{"rendered":"<p>A Pol\u00edcia Civil, por meio da Delegacia de Barra de Santa Rosa, sob o comando do Delegado Decio Sousa, acaba de dar cumprimento a mandado&hellip; <\/p>\n","protected":false},"author":6,"featured_media":270802,"comment_status":"closed","ping_status":"closed","sticky":false,"template":"","format":"standard","meta":{"sfsi_plus_gutenberg_text_before_share":"","sfsi_plus_gutenberg_show_text_before_share":"","sfsi_plus_gutenberg_icon_type":"","sfsi_plus_gutenberg_icon_alignemt":"","sfsi_plus_gutenburg_max_per_row":"","footnotes":""},"categories":[50],"tags":[],"class_list":["post-270801","post","type-post","status-publish","format-standard","has-post-thumbnail","hentry","category-destaque"],"_links":{"self":[{"href":"https:\/\/www.caririemacao.com\/1\/wp-json\/wp\/v2\/posts\/270801","targetHints":{"allow":["GET"]}}],"collection":[{"href":"https:\/\/www.caririemacao.com\/1\/wp-json\/wp\/v2\/posts"}],"about":[{"href":"https:\/\/www.caririemacao.com\/1\/wp-json\/wp\/v2\/types\/post"}],"author":[{"embeddable":true,"href":"https:\/\/www.caririemacao.com\/1\/wp-json\/wp\/v2\/users\/6"}],"replies":[{"embeddable":true,"href":"https:\/\/www.caririemacao.com\/1\/wp-json\/wp\/v2\/comments?post=270801"}],"version-history":[{"count":1,"href":"https:\/\/www.caririemacao.com\/1\/wp-json\/wp\/v2\/posts\/270801\/revisions"}],"predecessor-version":[{"id":270803,"href":"https:\/\/www.caririemacao.com\/1\/wp-json\/wp\/v2\/posts\/270801\/revisions\/270803"}],"wp:featuredmedia":[{"embeddable":true,"href":"https:\/\/www.caririemacao.com\/1\/wp-json\/wp\/v2\/media\/270802"}],"wp:attachment":[{"href":"https:\/\/www.caririemacao.com\/1\/wp-json\/wp\/v2\/media?parent=270801"}],"wp:term":[{"taxonomy":"category","embeddable":true,"href":"https:\/\/www.caririemacao.com\/1\/wp-json\/wp\/v2\/categories?post=270801"},{"taxonomy":"post_tag","embeddable":true,"href":"https:\/\/www.caririemacao.com\/1\/wp-json\/wp\/v2\/tags?post=270801"}],"curies":[{"name":"wp","href":"https:\/\/api.w.org\/{rel}","templated":true}]}}