{"id":270804,"date":"2023-07-01T11:09:43","date_gmt":"2023-07-01T14:09:43","guid":{"rendered":"https:\/\/www.caririemacao.com\/1\/?p=270804"},"modified":"2023-07-01T11:09:43","modified_gmt":"2023-07-01T14:09:43","slug":"estou-as-suas-ordens-meu-capitao-diz-michelle-apos-condenacao-de-bolsonaro-no-tse","status":"publish","type":"post","link":"https:\/\/www.caririemacao.com\/1\/2023\/07\/01\/estou-as-suas-ordens-meu-capitao-diz-michelle-apos-condenacao-de-bolsonaro-no-tse\/","title":{"rendered":"\u201cEstou \u00e0s suas ordens, meu capit\u00e3o\u201d, diz Michelle ap\u00f3s condena\u00e7\u00e3o de Bolsonaro no TSE"},"content":{"rendered":"<p>A ex-primeira-dama\u00a0Michelle Bolsonaro (PL)\u00a0se manifestou, nesta sexta-feira (30), sobre a condena\u00e7\u00e3o do ex-presidente\u00a0Jair Bolsonaro (PL)\u00a0no\u00a0Tribunal Superior Eleitoral (TSE).<\/p>\n<p>Pelas redes sociais, Michelle disse que est\u00e1 \u00e0 disposi\u00e7\u00e3o, manifestou apoio ao marido e afirmou que \u201cquem agir de forma injusta receber\u00e1 o devido pagamento da injusti\u00e7a cometida\u201d.<\/p>\n<p>\u201cPois quem agir de forma injusta receber\u00e1 o devido pagamento da injusti\u00e7a cometida; e nisto n\u00e3o h\u00e1 exce\u00e7\u00e3o para pessoa alguma. Somente Deus conhece os cora\u00e7\u00f5es dos homens. Deus n\u00e3o perdeu e nunca perder\u00e1 o controle de nada. A minha f\u00e9 continua inabal\u00e1vel em Ti, Pai! Eu continuo confiando, acreditando e ao seu lado, meu amor. Brasil acima de tudo e Deus acima de todos!\u201d, escreveu a ex-primeira-dama na publica\u00e7\u00e3o.<\/p>\n<p>Por 5 votos a 2, o ex-presidente foi condenado por abuso de poder pol\u00edtico e uso indevido dos meios de comunica\u00e7\u00e3o, referente a uma reuni\u00e3o que ele fez com embaixadores em julho de 2022 e por atacar sem provas o sistema eleitoral brasileiro. Ele fica ineleg\u00edvel por oito anos, at\u00e9 2030.<\/p>\n<p>FONTE: Cariri Ligado<\/p>\n","protected":false},"excerpt":{"rendered":"<p>A ex-primeira-dama\u00a0Michelle Bolsonaro (PL)\u00a0se manifestou, nesta sexta-feira (30), sobre a condena\u00e7\u00e3o do ex-presidente\u00a0Jair Bolsonaro (PL)\u00a0no\u00a0Tribunal Superior Eleitoral (TSE). Pelas redes sociais, Michelle disse que est\u00e1&hellip; <\/p>\n","protected":false},"author":6,"featured_media":270805,"comment_status":"closed","ping_status":"closed","sticky":false,"template":"","format":"standard","meta":{"sfsi_plus_gutenberg_text_before_share":"","sfsi_plus_gutenberg_show_text_before_share":"","sfsi_plus_gutenberg_icon_type":"","sfsi_plus_gutenberg_icon_alignemt":"","sfsi_plus_gutenburg_max_per_row":"","footnotes":""},"categories":[50],"tags":[],"class_list":["post-270804","post","type-post","status-publish","format-standard","has-post-thumbnail","hentry","category-destaque"],"_links":{"self":[{"href":"https:\/\/www.caririemacao.com\/1\/wp-json\/wp\/v2\/posts\/270804","targetHints":{"allow":["GET"]}}],"collection":[{"href":"https:\/\/www.caririemacao.com\/1\/wp-json\/wp\/v2\/posts"}],"about":[{"href":"https:\/\/www.caririemacao.com\/1\/wp-json\/wp\/v2\/types\/post"}],"author":[{"embeddable":true,"href":"https:\/\/www.caririemacao.com\/1\/wp-json\/wp\/v2\/users\/6"}],"replies":[{"embeddable":true,"href":"https:\/\/www.caririemacao.com\/1\/wp-json\/wp\/v2\/comments?post=270804"}],"version-history":[{"count":1,"href":"https:\/\/www.caririemacao.com\/1\/wp-json\/wp\/v2\/posts\/270804\/revisions"}],"predecessor-version":[{"id":270806,"href":"https:\/\/www.caririemacao.com\/1\/wp-json\/wp\/v2\/posts\/270804\/revisions\/270806"}],"wp:featuredmedia":[{"embeddable":true,"href":"https:\/\/www.caririemacao.com\/1\/wp-json\/wp\/v2\/media\/270805"}],"wp:attachment":[{"href":"https:\/\/www.caririemacao.com\/1\/wp-json\/wp\/v2\/media?parent=270804"}],"wp:term":[{"taxonomy":"category","embeddable":true,"href":"https:\/\/www.caririemacao.com\/1\/wp-json\/wp\/v2\/categories?post=270804"},{"taxonomy":"post_tag","embeddable":true,"href":"https:\/\/www.caririemacao.com\/1\/wp-json\/wp\/v2\/tags?post=270804"}],"curies":[{"name":"wp","href":"https:\/\/api.w.org\/{rel}","templated":true}]}}