{"id":270807,"date":"2023-07-01T11:11:19","date_gmt":"2023-07-01T14:11:19","guid":{"rendered":"https:\/\/www.caririemacao.com\/1\/?p=270807"},"modified":"2023-07-01T11:11:19","modified_gmt":"2023-07-01T14:11:19","slug":"prefeita-lorena-assina-termo-de-parceria-para-implantacao-do-pacto-cariri-sustentavel-em-parceria-com-fundacao-holandesa","status":"publish","type":"post","link":"https:\/\/www.caririemacao.com\/1\/2023\/07\/01\/prefeita-lorena-assina-termo-de-parceria-para-implantacao-do-pacto-cariri-sustentavel-em-parceria-com-fundacao-holandesa\/","title":{"rendered":"Prefeita Lorena assina termo de parceria para implanta\u00e7\u00e3o do Pacto Cariri Sustent\u00e1vel em parceria com funda\u00e7\u00e3o holandesa"},"content":{"rendered":"<p>A Prefeita de Monteiro, Anna Lorena, participou na manh\u00e3 desta sexta-feira, 30, da 2\u00aa reuni\u00e3o alusiva \u00e0 implanta\u00e7\u00e3o do Pacto Cariri Sustent\u00e1vel, iniciativa em prol do com\u00e9rcio sustent\u00e1vel na regi\u00e3o em parceria com a Funda\u00e7\u00e3o IDH, de origem holandesa.<\/p>\n<p>Nesta reuni\u00e3o, inclusive, foi assinado o termo de parceria entre as diversas entidades governamentais e associativistas envolvidas e a Funda\u00e7\u00e3o IDH.<\/p>\n<p>Participaram da reuni\u00e3o, al\u00e9m da prefeita Anna Lorena, as secret\u00e1rias de Cultura e Turismo Christianne Leal, de Sa\u00fade Ana Paula Oliveira, o secret\u00e1rio de Agricultura e Meio Ambiente Erinaldo Ch\u00f4va, os vereadores C\u00edcero do Mulungu, Caj\u00f3 Menezes e Juraci Conrado, o atual presidente do CMDRS Valden\u00edcio Herculano, al\u00e9m de representantes da ger\u00eancia regional do ODE no Cariri, l\u00edderes comunit\u00e1rios, presidentes de associa\u00e7\u00f5es e imprensa local.<\/p>\n<p>A Funda\u00e7\u00e3o IDH conecta produtores rurais, governos, empresas, sociedade civil e outras organiza\u00e7\u00f5es em parcerias p\u00fablico-privadas, com poder de planejar, implementar e ampliar interven\u00e7\u00f5es que apoiam a intensifica\u00e7\u00e3o da produ\u00e7\u00e3o agropecu\u00e1ria, a conserva\u00e7\u00e3o dos recursos naturais e a inclus\u00e3o de cadeias de pequenos produtores nos sistemas comerciais. O trabalho \u00e9 feito a partir de uma abordagem territorial, com compromissos para Produ\u00e7\u00e3o, Preserva\u00e7\u00e3o e Inclus\u00e3o, que busca promover a gest\u00e3o e o desenvolvimento sustent\u00e1vel de longo prazo com diferentes frentes de atua\u00e7\u00e3o.<\/p>\n<p>De acordo com os representantes da Funda\u00e7\u00e3o, j\u00e1 existe um financiamento para estar no territ\u00f3rio do Cariri paraibano construindo e atingindo metas durante cinco anos, com possibilidade de prorroga\u00e7\u00e3o do prazo como j\u00e1 registrado no Mato Grosso, no Par\u00e1 e no Maranh\u00e3o.<\/p>\n<p>A iniciativa come\u00e7a por Monteiro, por\u00e9m, com estrat\u00e9gias abrangentes aos munic\u00edpios ao redor.<\/p>\n<p>Ap\u00f3s a apresenta\u00e7\u00e3o das metas, foi apresentada tamb\u00e9m a carta de inten\u00e7\u00e3o para que os signat\u00e1rios desse pacto assumissem o compromisso com as metas, que foi assinada pelos integrantes pr\u00e9-determinados da iniciativa e depois foi servido um coffee break aos presentes.<\/p>\n<p>FONTE: Cariri Ligado<\/p>\n","protected":false},"excerpt":{"rendered":"<p>A Prefeita de Monteiro, Anna Lorena, participou na manh\u00e3 desta sexta-feira, 30, da 2\u00aa reuni\u00e3o alusiva \u00e0 implanta\u00e7\u00e3o do Pacto Cariri Sustent\u00e1vel, iniciativa em prol&hellip; <\/p>\n","protected":false},"author":6,"featured_media":270808,"comment_status":"closed","ping_status":"closed","sticky":false,"template":"","format":"standard","meta":{"sfsi_plus_gutenberg_text_before_share":"","sfsi_plus_gutenberg_show_text_before_share":"","sfsi_plus_gutenberg_icon_type":"","sfsi_plus_gutenberg_icon_alignemt":"","sfsi_plus_gutenburg_max_per_row":"","footnotes":""},"categories":[50],"tags":[],"class_list":["post-270807","post","type-post","status-publish","format-standard","has-post-thumbnail","hentry","category-destaque"],"_links":{"self":[{"href":"https:\/\/www.caririemacao.com\/1\/wp-json\/wp\/v2\/posts\/270807","targetHints":{"allow":["GET"]}}],"collection":[{"href":"https:\/\/www.caririemacao.com\/1\/wp-json\/wp\/v2\/posts"}],"about":[{"href":"https:\/\/www.caririemacao.com\/1\/wp-json\/wp\/v2\/types\/post"}],"author":[{"embeddable":true,"href":"https:\/\/www.caririemacao.com\/1\/wp-json\/wp\/v2\/users\/6"}],"replies":[{"embeddable":true,"href":"https:\/\/www.caririemacao.com\/1\/wp-json\/wp\/v2\/comments?post=270807"}],"version-history":[{"count":1,"href":"https:\/\/www.caririemacao.com\/1\/wp-json\/wp\/v2\/posts\/270807\/revisions"}],"predecessor-version":[{"id":270809,"href":"https:\/\/www.caririemacao.com\/1\/wp-json\/wp\/v2\/posts\/270807\/revisions\/270809"}],"wp:featuredmedia":[{"embeddable":true,"href":"https:\/\/www.caririemacao.com\/1\/wp-json\/wp\/v2\/media\/270808"}],"wp:attachment":[{"href":"https:\/\/www.caririemacao.com\/1\/wp-json\/wp\/v2\/media?parent=270807"}],"wp:term":[{"taxonomy":"category","embeddable":true,"href":"https:\/\/www.caririemacao.com\/1\/wp-json\/wp\/v2\/categories?post=270807"},{"taxonomy":"post_tag","embeddable":true,"href":"https:\/\/www.caririemacao.com\/1\/wp-json\/wp\/v2\/tags?post=270807"}],"curies":[{"name":"wp","href":"https:\/\/api.w.org\/{rel}","templated":true}]}}