{"id":270814,"date":"2023-07-01T15:05:16","date_gmt":"2023-07-01T18:05:16","guid":{"rendered":"https:\/\/www.caririemacao.com\/1\/?p=270814"},"modified":"2023-07-01T15:05:16","modified_gmt":"2023-07-01T18:05:16","slug":"sao-domingos-do-cariri-pesquisa-aponta-que-79-6-do-eleitorado-votaria-na-reeleicao-do-prefeito-onildo-lindberg","status":"publish","type":"post","link":"https:\/\/www.caririemacao.com\/1\/2023\/07\/01\/sao-domingos-do-cariri-pesquisa-aponta-que-79-6-do-eleitorado-votaria-na-reeleicao-do-prefeito-onildo-lindberg\/","title":{"rendered":"S\u00e3o Domingos do Cariri: Pesquisa aponta que 79.6% do eleitorado votaria na reelei\u00e7\u00e3o do prefeito Onildo Lindberg"},"content":{"rendered":"<p>Uma pesquisa realizada pelo instituto IP Pesquisas na cidade de S\u00e3o Domingos do Cariri, revelou que 79.6% dos entrevistados apoiam \u00e0 reelei\u00e7\u00e3o do atual prefeito Onildo Lindberg. O levantamento fez proje\u00e7\u00f5es para a pr\u00f3xima elei\u00e7\u00e3o, trouxe dados importantes sobre a prefer\u00eancia da popula\u00e7\u00e3o local.<\/p>\n<p>Durante a pesquisa, os moradores foram questionados sobre a possibilidade de votar na reelei\u00e7\u00e3o de Onildo Lindberg onde 79.6% dos entrevistados afirmaram que apoiam a continuidade do atual gestor \u00e0 frente da Prefeitura. Outros 13.2% dos participantes disseram que ainda est\u00e3o indecisos sobre o assunto, e 7.2% revelaram que n\u00e3o apoiariam a reelei\u00e7\u00e3o do prefeito Onildo.<\/p>\n<figure class=\"wp-block-image\"><img decoding=\"async\" class=\"wp-image-74995 lazyload\" data-src=\"https:\/\/www.paraibamix.com.br\/wp-content\/uploads\/2023\/07\/ea7c5060-ef57-446c-b9c1-38b58b360405-1024x595.jpg\" alt=\"\" src=\"data:image\/svg+xml;base64,PHN2ZyB3aWR0aD0iMSIgaGVpZ2h0PSIxIiB4bWxucz0iaHR0cDovL3d3dy53My5vcmcvMjAwMC9zdmciPjwvc3ZnPg==\" style=\"--smush-placeholder-width: 1024px; --smush-placeholder-aspect-ratio: 1024\/595;\" \/><\/figure>\n<p><strong>DADOS T\u00c9CNICOS<\/strong><\/p>\n<p>A Pesquisa foi realizada pela empresa \u201cIP Pesquisas e Acompanhamento de Gest\u00e3o\u201d no dia 24 de maio.<\/p>\n<p>O levantamento foi realizado abrangendo os moradores de 16 anos de idade ou mais utilizando t\u00e9cnicas de Amostragem Estratificada.<\/p>\n<p><strong>QUANTIDADE DE ENTREVISTAS<\/strong><\/p>\n<p>Foram realizadas 300 entrevistas presenciais.<\/p>\n<p><strong>CONFIABILIDADE<\/strong><\/p>\n<p>O intervalo de confian\u00e7a, com grau de confiabilidade de aproximadamente 95%, tem margem de erro estimada para a amostra total de 5,5 pontos percentuais para mais ou para menos. Esta margem de erro n\u00e3o \u00e9 v\u00e1lida para cruzamentos ou filtragens de dados.<\/p>\n<p>&nbsp;<\/p>\n<p>Para\u00edba Mix<\/p>\n","protected":false},"excerpt":{"rendered":"<p>Uma pesquisa realizada pelo instituto IP Pesquisas na cidade de S\u00e3o Domingos do Cariri, revelou que 79.6% dos entrevistados apoiam \u00e0 reelei\u00e7\u00e3o do atual prefeito&hellip; <\/p>\n","protected":false},"author":6,"featured_media":270815,"comment_status":"closed","ping_status":"closed","sticky":false,"template":"","format":"standard","meta":{"sfsi_plus_gutenberg_text_before_share":"","sfsi_plus_gutenberg_show_text_before_share":"","sfsi_plus_gutenberg_icon_type":"","sfsi_plus_gutenberg_icon_alignemt":"","sfsi_plus_gutenburg_max_per_row":"","footnotes":""},"categories":[87],"tags":[],"class_list":["post-270814","post","type-post","status-publish","format-standard","has-post-thumbnail","hentry","category-sao-domingos-do-cariri"],"_links":{"self":[{"href":"https:\/\/www.caririemacao.com\/1\/wp-json\/wp\/v2\/posts\/270814","targetHints":{"allow":["GET"]}}],"collection":[{"href":"https:\/\/www.caririemacao.com\/1\/wp-json\/wp\/v2\/posts"}],"about":[{"href":"https:\/\/www.caririemacao.com\/1\/wp-json\/wp\/v2\/types\/post"}],"author":[{"embeddable":true,"href":"https:\/\/www.caririemacao.com\/1\/wp-json\/wp\/v2\/users\/6"}],"replies":[{"embeddable":true,"href":"https:\/\/www.caririemacao.com\/1\/wp-json\/wp\/v2\/comments?post=270814"}],"version-history":[{"count":1,"href":"https:\/\/www.caririemacao.com\/1\/wp-json\/wp\/v2\/posts\/270814\/revisions"}],"predecessor-version":[{"id":270816,"href":"https:\/\/www.caririemacao.com\/1\/wp-json\/wp\/v2\/posts\/270814\/revisions\/270816"}],"wp:featuredmedia":[{"embeddable":true,"href":"https:\/\/www.caririemacao.com\/1\/wp-json\/wp\/v2\/media\/270815"}],"wp:attachment":[{"href":"https:\/\/www.caririemacao.com\/1\/wp-json\/wp\/v2\/media?parent=270814"}],"wp:term":[{"taxonomy":"category","embeddable":true,"href":"https:\/\/www.caririemacao.com\/1\/wp-json\/wp\/v2\/categories?post=270814"},{"taxonomy":"post_tag","embeddable":true,"href":"https:\/\/www.caririemacao.com\/1\/wp-json\/wp\/v2\/tags?post=270814"}],"curies":[{"name":"wp","href":"https:\/\/api.w.org\/{rel}","templated":true}]}}