{"id":27093,"date":"2017-08-27T11:42:20","date_gmt":"2017-08-27T14:42:20","guid":{"rendered":"http:\/\/caririemacao.com\/1\/?p=27093"},"modified":"2017-08-27T11:42:20","modified_gmt":"2017-08-27T14:42:20","slug":"ricardo-coutinho-o-povo-apoia-lula-porque-a-ficha-caiu","status":"publish","type":"post","link":"https:\/\/www.caririemacao.com\/1\/2017\/08\/27\/ricardo-coutinho-o-povo-apoia-lula-porque-a-ficha-caiu\/","title":{"rendered":"Ricardo Coutinho: \u2018O povo apoia Lula porque a ficha caiu\u2019"},"content":{"rendered":"<p>Minutos antes de tomar a palavra no com\u00edcio da noite de s\u00e1bado, que lotou o Ponto dos Cem R\u00e9is, no centro de Jo\u00e3o Pessoa, o governador Ricardo Coutinho deu uma entrevista ao 247. Duas vezes prefeito da capital, no segundo mandato como governador da Para\u00edba, Coutinho \u00e9 um personagem estrat\u00e9gico na resist\u00eancia. Em 2016, teve uma atua\u00e7\u00e3o firme na den\u00fancia do golpe sem crime de responsabilidade. Na semana passada, nos dias anteriores \u00e0 chegada da \u00a0caravana de Lula pelo Estado, no s\u00e1bado, o governador travou e venceu uma luta pol\u00edtica e simb\u00f3lica para decretar o fim do racionamento d\u2019 \u00e1gua em Campina Grande, segunda maior cidade paraibana.<\/p>\n<p>Com os reservat\u00f3rios refor\u00e7ados pela chegada das \u00e1guas trazidas pela transposi\u00e7\u00e3o do S\u00e3o Francisco, Coutinho assinou decreto que dava um fim a um transtorno que se tornara desnecess\u00e1rio na rotina das fam\u00edlias da regi\u00e3o, quando as torneiras secavam regularmente \u00e0s \u00a0ter\u00e7as e quintas. \u00a0O problema \u00e9 que, por decis\u00e3o de uma ju\u00edza de \u00a0\u00a0primeira inst\u00e2ncia, que alegou que o n\u00edvel das \u00e1guas n\u00e3o permitia a volta \u00e0 normalidade, a decis\u00e3o foi revogada. Mas Coutinho recorreu ao Tribunal, e, com apoio da \u00e1rea t\u00e9cnica, derrubou a decis\u00e3o inicial. \u00a0Ponto para a caravana de Lula que, ao lado de Dilma, foi um dos respons\u00e1veis pela transposi\u00e7\u00e3o do S\u00e3o Francisco, obra que chegou a ser cogitada pelo imperador Pedro II e s\u00f3 foi inaugurada em abril de 2017, numa festa que estudiosos da pol\u00edtica paraibana definem como a maior mobiliza\u00e7\u00e3o popular da hist\u00f3ria do Estado. A entrevista de Coutinho ao 247:<\/p>\n<p><strong>247 \u2013 Existia algum fundamento t\u00e9cnico na decis\u00e3o judicial que tentava prorrogar o racionamento?<\/strong><\/p>\n<p><strong>COUTINHO<\/strong>\u00a0\u2013 Nenhum. Tudo era um jogo pol\u00edtico. O que se queria era impedir que a popula\u00e7\u00e3o tivesse acesso a um direito hist\u00f3rico, que \u00e9 o acesso \u00e0 agua.<\/p>\n<p><strong>247 \u2013 Mas se alega que o n\u00edvel de \u00e1gua continua baixo\u2026\u00a0<\/strong><\/p>\n<p><strong>COUTINHO\u00a0<\/strong>\u2013 A rigor, nossa decis\u00e3o foi prudente. Eu poderia ter encerrado o racionamento h\u00e1 um m\u00eas, quando fui autorizado pela \u00e1rea t\u00e9cnica, pelo DNOCS e pela Agencia Executiva das \u00c1guas do Estado. Mas resolvi aguardar para que houvesse uma nova melhora e os reservat\u00f3rios sa\u00edssem do volume morto.<\/p>\n<p><strong>247 \u2013 Mesmo assim o n\u00edvel dos reservat\u00f3rios se encontra em 8,2%\u2026<\/strong><\/p>\n<p><strong>COUTINHO \u2013\u00a0<\/strong>O importante \u00e9 que o n\u00edvel da \u00e1gua est\u00e1 subindo. Hoje est\u00e1 mais baixo do que no in\u00edcio do racionamento. Mas naquele momento o n\u00edvel estava caindo. Agora est\u00e1 subindo. Essa \u00e9 a diferen\u00e7a.<\/p>\n<p><strong>247 \u2013 A mobiliza\u00e7\u00e3o em torno da caravana de Lula tornou-se um elemento importante da situa\u00e7\u00e3o pol\u00edtica do pa\u00eds. Qual o significado disso?<\/strong><\/p>\n<p><strong>COUTINHO<\/strong>\u00a0\u2013 A caravana est\u00e1 mostrando que a ficha caiu. E \u00e9 por isso que em Jo\u00e3o Pessoa assistimos, numa noite de s\u00e1bado como esta, a mobiliza\u00e7\u00e3o de milhares de pessoas que sa\u00edram de de casa no fim de semana para lotar este lugar, um centro de com\u00e9rcio, onde os edif\u00edcios e ruas sempre ficam vazios, no fim de semana. O Brasil se descobre. Nessa situa\u00e7\u00e3o a resist\u00eancia que Lula demonstra \u00e9 um fator muito importante.<\/p>\n<p><strong>247 \u2013 Qual a import\u00e2ncia de se defender a candidatura de Lula?<\/strong><\/p>\n<p><strong>COUTINHO \u2013<\/strong>\u00a0N\u00e3o se trata de defender uma candidatura de qualquer maneira. Como o pr\u00f3prio Lula tem dito e repetido, o problema \u00e9 anterior e envolve uma quest\u00e3o jur\u00eddica. Antes de saber se ele ser\u00e1 candidato ou n\u00e3o, \u00e9 essencial reconhecer que n\u00e3o h\u00e1 nenhuma prova para que seja condenado. Este \u00e9 o mais importante. Seus direitos est\u00e3o sendo atingidos e isso \u00e9 errado com qualquer pessoa, candidata ou n\u00e3o \u00e0 presid\u00eancia da Rep\u00fablica. N\u00e3o h\u00e1 uma prova que poderia levar a uma condena\u00e7\u00e3o e impedir Lula gozar da liberdade que \u00e9 um direito de qualquer pessoa. A situa\u00e7\u00e3o seria muito diferente se surgisse uma prova concreta de responsabilidade num ato criminoso. N\u00e3o h\u00e1.<\/p>\n<p><strong>247 \u2013 Mesmo assim as press\u00f5es s\u00e3o grandes. Por que?<\/strong><\/p>\n<p><strong>COUTINHO \u2013\u00a0<\/strong>Vivemos uma conjuntura muito mais complexa do que se poderia imaginar. H\u00e1 uma desilus\u00e3o, uma descren\u00e7a, que \u00e9 resultado da criminaliza\u00e7\u00e3o da pol\u00edtica. N\u00e3o estou falando de investigar e condenar quem pode e deve ser acusado. Mas da criminaliza\u00e7\u00e3o da pr\u00f3pria atividade pol\u00edtica. Depois de assistir \u00e0 queda de uma presidente eleita, o povo v\u00ea que a corrup\u00e7\u00e3o n\u00e3o diminuiu enquanto o desemprego aumentou. Temos hoje em Bras\u00edlia, governo que n\u00e3o tem o menor interesse pelas necessidades da maioria. \u00a0A capital federal, hoje, \u00e9 uma cidade onde n\u00e3o h\u00e1 lugar para os trabalhadores, nem para os ind\u00edgenas, ou para qualquer outro brasileiro necessitado.\u00a0 N\u00e3o h\u00e1 espa\u00e7o para eles. Apenas para aqueles que querem fazer neg\u00f3cios. \u00c9 sintom\u00e1tico que, numa crise como esta que o pa\u00eds est\u00e1 vivendo, seja poss\u00edvel discutir se \u00e9 correto ou n\u00e3o cortar 10 reais do sal\u00e1rio m\u00ednimo.<\/p>\n","protected":false},"excerpt":{"rendered":"<p>Minutos antes de tomar a palavra no com\u00edcio da noite de s\u00e1bado, que lotou o Ponto dos Cem R\u00e9is, no centro de Jo\u00e3o Pessoa, o&hellip; <\/p>\n","protected":false},"author":2,"featured_media":23693,"comment_status":"closed","ping_status":"closed","sticky":false,"template":"","format":"standard","meta":{"sfsi_plus_gutenberg_text_before_share":"","sfsi_plus_gutenberg_show_text_before_share":"","sfsi_plus_gutenberg_icon_type":"","sfsi_plus_gutenberg_icon_alignemt":"","sfsi_plus_gutenburg_max_per_row":"","footnotes":""},"categories":[11],"tags":[],"class_list":["post-27093","post","type-post","status-publish","format-standard","has-post-thumbnail","hentry","category-politica"],"_links":{"self":[{"href":"https:\/\/www.caririemacao.com\/1\/wp-json\/wp\/v2\/posts\/27093","targetHints":{"allow":["GET"]}}],"collection":[{"href":"https:\/\/www.caririemacao.com\/1\/wp-json\/wp\/v2\/posts"}],"about":[{"href":"https:\/\/www.caririemacao.com\/1\/wp-json\/wp\/v2\/types\/post"}],"author":[{"embeddable":true,"href":"https:\/\/www.caririemacao.com\/1\/wp-json\/wp\/v2\/users\/2"}],"replies":[{"embeddable":true,"href":"https:\/\/www.caririemacao.com\/1\/wp-json\/wp\/v2\/comments?post=27093"}],"version-history":[{"count":0,"href":"https:\/\/www.caririemacao.com\/1\/wp-json\/wp\/v2\/posts\/27093\/revisions"}],"wp:featuredmedia":[{"embeddable":true,"href":"https:\/\/www.caririemacao.com\/1\/wp-json\/wp\/v2\/media\/23693"}],"wp:attachment":[{"href":"https:\/\/www.caririemacao.com\/1\/wp-json\/wp\/v2\/media?parent=27093"}],"wp:term":[{"taxonomy":"category","embeddable":true,"href":"https:\/\/www.caririemacao.com\/1\/wp-json\/wp\/v2\/categories?post=27093"},{"taxonomy":"post_tag","embeddable":true,"href":"https:\/\/www.caririemacao.com\/1\/wp-json\/wp\/v2\/tags?post=27093"}],"curies":[{"name":"wp","href":"https:\/\/api.w.org\/{rel}","templated":true}]}}