{"id":27101,"date":"2017-08-27T11:54:25","date_gmt":"2017-08-27T14:54:25","guid":{"rendered":"http:\/\/caririemacao.com\/1\/?p=27101"},"modified":"2017-08-27T11:57:08","modified_gmt":"2017-08-27T14:57:08","slug":"populacao-carceraria-feminina-cresce-700-em-dezesseis-anos-no-brasil","status":"publish","type":"post","link":"https:\/\/www.caririemacao.com\/1\/2017\/08\/27\/populacao-carceraria-feminina-cresce-700-em-dezesseis-anos-no-brasil\/","title":{"rendered":"Popula\u00e7\u00e3o carcer\u00e1ria feminina cresce 700% em dezesseis anos no Brasil"},"content":{"rendered":"<section class=\"l-noticia\">A popula\u00e7\u00e3o carcer\u00e1ria feminina cresceu 698% no Brasil, segundo dados mais recentes do Departamento Penitenci\u00e1rio Nacional (Depen), \u00f3rg\u00e3o do Minist\u00e9rio da Justi\u00e7a. No ano 2000, havia 5.601 mulheres cumprindo medidas de priva\u00e7\u00e3o de liberdade. Em 2016, o n\u00famero saltou para 44.721. Apenas em dois anos, entre dezembro de 2014 e dezembro de 2016, houve aumento de 19,6%, subindo de 37.380 para 44.721.As informa\u00e7\u00f5es foram enviadas ao Supremo Tribunal Federal (STF), nesta semana, por solicita\u00e7\u00e3o do ministro Ricardo Lewandowski, em decis\u00e3o que deu seguimento a um pedido de habeas corpus que pretende libertar todas as mulheres gr\u00e1vidas, pu\u00e9rperas \u00a0(que deram \u00e0 luz em at\u00e9 45 dias) ou m\u00e3es de crian\u00e7as com at\u00e9 12 anos de idade sob sua responsabilidade que estejam presas provisoriamente, ou seja, encarceradas ainda sem condena\u00e7\u00e3o definitiva da Justi\u00e7a. De todas as mulheres presas atualmente no pa\u00eds, 43% ainda n\u00e3o tiveram seus casos julgados em definitivo.<\/p>\n<p>Do total de mulheres presas, 80% s\u00e3o m\u00e3es e respons\u00e1veis principais, ou mesmo \u00fanicas, pelos cuidados de filhas e filhos, motivo pelo qual os \u201cefeitos do encarceramento feminino geram outras graves consequ\u00eancias sociais\u201d, informa o Depen.<\/p>\n<p><strong>CARIRI EM A\u00c7\u00c3O<\/strong><\/p>\n<p><em>Com Resumo Para\u00edba\/Foto: Google<\/em><\/p>\n<p><strong>Leia mais not\u00edcias em\u00a0<\/strong><a href=\"http:\/\/www.caririemacao.com\/\"><strong>caririemacao.com<\/strong><\/a><strong>, siga nossa p\u00e1gina no\u00a0<\/strong><a href=\"https:\/\/www.facebook.com\/CaririEmAcao\/?ref=aymt_homepage_panel\"><strong>Facebook<\/strong><\/a>,<strong>\u00a0<\/strong><a href=\"https:\/\/www.instagram.com\/cariri_em_acao\/?hl=pt-br\"><strong>Instagram<\/strong><\/a><strong>\u00a0e <\/strong><a href=\"https:\/\/www.youtube.com\/channel\/UCAptA0jQuYQy8vMhLt2m4qg\"><strong>Youtube<\/strong><\/a><strong>\u00a0e veja nossas mat\u00e9rias, v\u00eddeos e fotos. Voc\u00ea tamb\u00e9m pode enviar informa\u00e7\u00f5es \u00e0 Reda\u00e7\u00e3o do Portal Cariri em A\u00e7\u00e3o pelo WhatsApp (83) 9 9634.5791, (83) 9 9601-1162.<\/strong><\/p>\n<p>&nbsp;<\/p>\n<\/section>\n","protected":false},"excerpt":{"rendered":"<p>A popula\u00e7\u00e3o carcer\u00e1ria feminina cresceu 698% no Brasil, segundo dados mais recentes do Departamento Penitenci\u00e1rio Nacional (Depen), \u00f3rg\u00e3o do Minist\u00e9rio da Justi\u00e7a. No ano 2000,&hellip; <\/p>\n","protected":false},"author":2,"featured_media":27102,"comment_status":"closed","ping_status":"closed","sticky":false,"template":"","format":"standard","meta":{"sfsi_plus_gutenberg_text_before_share":"","sfsi_plus_gutenberg_show_text_before_share":"","sfsi_plus_gutenberg_icon_type":"","sfsi_plus_gutenberg_icon_alignemt":"","sfsi_plus_gutenburg_max_per_row":"","footnotes":""},"categories":[2],"tags":[],"class_list":["post-27101","post","type-post","status-publish","format-standard","has-post-thumbnail","hentry","category-geral"],"_links":{"self":[{"href":"https:\/\/www.caririemacao.com\/1\/wp-json\/wp\/v2\/posts\/27101","targetHints":{"allow":["GET"]}}],"collection":[{"href":"https:\/\/www.caririemacao.com\/1\/wp-json\/wp\/v2\/posts"}],"about":[{"href":"https:\/\/www.caririemacao.com\/1\/wp-json\/wp\/v2\/types\/post"}],"author":[{"embeddable":true,"href":"https:\/\/www.caririemacao.com\/1\/wp-json\/wp\/v2\/users\/2"}],"replies":[{"embeddable":true,"href":"https:\/\/www.caririemacao.com\/1\/wp-json\/wp\/v2\/comments?post=27101"}],"version-history":[{"count":0,"href":"https:\/\/www.caririemacao.com\/1\/wp-json\/wp\/v2\/posts\/27101\/revisions"}],"wp:featuredmedia":[{"embeddable":true,"href":"https:\/\/www.caririemacao.com\/1\/wp-json\/wp\/v2\/media\/27102"}],"wp:attachment":[{"href":"https:\/\/www.caririemacao.com\/1\/wp-json\/wp\/v2\/media?parent=27101"}],"wp:term":[{"taxonomy":"category","embeddable":true,"href":"https:\/\/www.caririemacao.com\/1\/wp-json\/wp\/v2\/categories?post=27101"},{"taxonomy":"post_tag","embeddable":true,"href":"https:\/\/www.caririemacao.com\/1\/wp-json\/wp\/v2\/tags?post=27101"}],"curies":[{"name":"wp","href":"https:\/\/api.w.org\/{rel}","templated":true}]}}