{"id":27262,"date":"2017-08-29T09:55:20","date_gmt":"2017-08-29T12:55:20","guid":{"rendered":"http:\/\/caririemacao.com\/1\/?p=27262"},"modified":"2017-08-29T09:55:20","modified_gmt":"2017-08-29T12:55:20","slug":"ministra-do-stf-abre-inquerito-para-investigar-jose-serra","status":"publish","type":"post","link":"https:\/\/www.caririemacao.com\/1\/2017\/08\/29\/ministra-do-stf-abre-inquerito-para-investigar-jose-serra\/","title":{"rendered":"Ministra do STF abre inqu\u00e9rito para investigar Jos\u00e9 Serra"},"content":{"rendered":"<p>A ministra do Supremo Tribunal Federal (STF) Rosa Weber decidiu autorizar abertura de inqu\u00e9rito para investigar o senador\u00a0Jos\u00e9 Serra\u00a0(PSDB-SP) pelo suposto crime eleitoral de caixa dois. O pedido de abertura foi feito pelo procurador-geral da Rep\u00fablica (PGR),\u00a0Rodrigo Janot, com base nas dela\u00e7\u00f5es da empresa JBS. A decis\u00e3o foi assinada no dia 18 deste m\u00eas.<\/p>\n<p>De acordo com a PGR, em um dos depoimentos de dela\u00e7\u00e3o,\u00a0Joesley\u00a0afirmou ter &#8220;acertado pessoalmente com o senador Jos\u00e9 Serra&#8221; uma contribui\u00e7\u00e3o de R$ 20 milh\u00f5es para a campanha presidencial de 2010, dos quais R$ 13 milh\u00f5es foram repassados como doa\u00e7\u00e3o oficial e aproximadamente R$ 7 milh\u00f5es, via caixa dois, por meio de notas fiscais fraudulentas.<\/p>\n<p>Em nota divulgada por meio de sua assessoria, Serra afirmou que n\u00e3o houve irregularidades financeiras em sua campanha.<\/p>\n<p>&#8220;O senador Jos\u00e9 Serra reitera que todas as suas campanhas eleitorais foram conduzidas dentro da lei, com as finan\u00e7as sob responsabilidade do partido. E sem nunca oferecer nenhuma contrapartida por doa\u00e7\u00f5es eleitorais.&#8221;, diz a nota.<\/p>\n<p><strong>CARIRI EM A\u00c7\u00c3O<\/strong><\/p>\n<p><em>Com Ag\u00eancia Brasil\/Foto: Google<\/em><\/p>\n<p><strong>Leia mais not\u00edcias em\u00a0<\/strong><a href=\"http:\/\/www.caririemacao.com\/\"><strong>caririemacao.com<\/strong><\/a><strong>, siga nossa p\u00e1gina no\u00a0<\/strong><a href=\"https:\/\/www.facebook.com\/CaririEmAcao\/?ref=aymt_homepage_panel\"><strong>Facebook<\/strong><\/a>,<strong>\u00a0<\/strong><a href=\"https:\/\/www.instagram.com\/cariri_em_acao\/?hl=pt-br\"><strong>Instagram<\/strong><\/a><strong>\u00a0e <\/strong><a href=\"https:\/\/www.youtube.com\/channel\/UCAptA0jQuYQy8vMhLt2m4qg\"><strong>Youtube<\/strong><\/a><strong>\u00a0e veja nossas mat\u00e9rias, v\u00eddeos e fotos. Voc\u00ea tamb\u00e9m pode enviar informa\u00e7\u00f5es \u00e0 Reda\u00e7\u00e3o do Portal Cariri em A\u00e7\u00e3o pelo WhatsApp (83) 9 9634.5791, (83) 9 9601-1162.<\/strong><\/p>\n","protected":false},"excerpt":{"rendered":"<p>A ministra do Supremo Tribunal Federal (STF) Rosa Weber decidiu autorizar abertura de inqu\u00e9rito para investigar o senador\u00a0Jos\u00e9 Serra\u00a0(PSDB-SP) pelo suposto crime eleitoral de caixa&hellip; <\/p>\n","protected":false},"author":2,"featured_media":27263,"comment_status":"closed","ping_status":"closed","sticky":false,"template":"","format":"standard","meta":{"sfsi_plus_gutenberg_text_before_share":"","sfsi_plus_gutenberg_show_text_before_share":"","sfsi_plus_gutenberg_icon_type":"","sfsi_plus_gutenberg_icon_alignemt":"","sfsi_plus_gutenburg_max_per_row":"","footnotes":""},"categories":[11],"tags":[],"class_list":["post-27262","post","type-post","status-publish","format-standard","has-post-thumbnail","hentry","category-politica"],"_links":{"self":[{"href":"https:\/\/www.caririemacao.com\/1\/wp-json\/wp\/v2\/posts\/27262","targetHints":{"allow":["GET"]}}],"collection":[{"href":"https:\/\/www.caririemacao.com\/1\/wp-json\/wp\/v2\/posts"}],"about":[{"href":"https:\/\/www.caririemacao.com\/1\/wp-json\/wp\/v2\/types\/post"}],"author":[{"embeddable":true,"href":"https:\/\/www.caririemacao.com\/1\/wp-json\/wp\/v2\/users\/2"}],"replies":[{"embeddable":true,"href":"https:\/\/www.caririemacao.com\/1\/wp-json\/wp\/v2\/comments?post=27262"}],"version-history":[{"count":0,"href":"https:\/\/www.caririemacao.com\/1\/wp-json\/wp\/v2\/posts\/27262\/revisions"}],"wp:featuredmedia":[{"embeddable":true,"href":"https:\/\/www.caririemacao.com\/1\/wp-json\/wp\/v2\/media\/27263"}],"wp:attachment":[{"href":"https:\/\/www.caririemacao.com\/1\/wp-json\/wp\/v2\/media?parent=27262"}],"wp:term":[{"taxonomy":"category","embeddable":true,"href":"https:\/\/www.caririemacao.com\/1\/wp-json\/wp\/v2\/categories?post=27262"},{"taxonomy":"post_tag","embeddable":true,"href":"https:\/\/www.caririemacao.com\/1\/wp-json\/wp\/v2\/tags?post=27262"}],"curies":[{"name":"wp","href":"https:\/\/api.w.org\/{rel}","templated":true}]}}