{"id":27265,"date":"2017-08-29T10:01:37","date_gmt":"2017-08-29T13:01:37","guid":{"rendered":"http:\/\/caririemacao.com\/1\/?p=27265"},"modified":"2017-08-29T10:01:37","modified_gmt":"2017-08-29T13:01:37","slug":"programacao-da-semana-da-patria-comeca-sexta-na-pb-veja-atracoes","status":"publish","type":"post","link":"https:\/\/www.caririemacao.com\/1\/2017\/08\/29\/programacao-da-semana-da-patria-comeca-sexta-na-pb-veja-atracoes\/","title":{"rendered":"Programa\u00e7\u00e3o da Semana da P\u00e1tria come\u00e7a sexta na PB; veja atra\u00e7\u00f5es"},"content":{"rendered":"<p>O Governo do Estado, por meio da Casa Militar, elaborou uma vasta programa\u00e7\u00e3o para comemorar a Semana da P\u00e1tria, que ter\u00e1 in\u00edcio nesta sexta-feira (1\u00ba), com abertura na sede da Empresa Paraibana de Turismo (PBTur), em Jo\u00e3o Pessoa.<br \/>\nApresenta\u00e7\u00f5es culturais com bandas marciais das principais escolas p\u00fablicas da Para\u00edba s\u00e3o algumas das homenagens previstas para o evento, que se encerrar\u00e1 no dia 7 de setembro \u2013 Dia da Independ\u00eancia, com o tradicional desfile c\u00edvico militar, na Avenida Duarte da Silveira.<\/p>\n<p>Segundo a Casa Militar, a programa\u00e7\u00e3o para a sexta-feira inclui a corrida de atletas que conduzir\u00e3o uma tocha desde in\u00edcio da Avenida Ministro Jos\u00e9 Am\u00e9rico de Almeida (Beira-Rio) at\u00e9 Tamba\u00fa. Essa corrida come\u00e7a \u00e0s 7h40 e deve ser conclu\u00edda 20 minutos depois na PBTur, onde ser\u00e1 acesa uma pira.<\/p>\n<p>J\u00e1 \u00e0s 8h10, ser\u00e1 hasteado o Pavilh\u00e3o Nacional, com a participa\u00e7\u00e3o da Banda da Pol\u00edcia Militar da Para\u00edba. \u00c0s 8h15, ser\u00e1 dada a abertura da Semana da P\u00e1tria.<br \/>\nA programa\u00e7\u00e3o segue \u00e0s 17 h, com recep\u00e7\u00e3o de autoridades e pessoas da comunidade, na PBTur. \u00c0s 17h15, ser\u00e1 realizada uma apresenta\u00e7\u00e3o cultural da banda marcial do Col\u00e9gio Olivina Ol\u00edvia. Logo em seguida, \u00e0s 8h45, haver\u00e1 apresenta\u00e7\u00e3o da Banda da Pol\u00edcia Militar.<\/p>\n<p>As atividades do primeiro dia da Semana da P\u00e1tria se encerrar\u00e3o \u00e0s 18h, quando ser\u00e1 descido o Pavilh\u00e3o Nacional, ao som da Banda da Pol\u00edcia Militar.<br \/>\nPrograma\u00e7\u00e3o da Semana da P\u00e1tria:<\/p>\n<p>Segunda-feira (4) \u2013 As atividades ser\u00e3o realizadas na Escola Cenecista Jo\u00e3o R\u00e9gis Amorim (CNEC), no bairro do Geisel, na Capital:<\/p>\n<p>&#8211; 7h, recep\u00e7\u00e3o de autoridades e comunidade;<br \/>\n&#8211; 7h30, apresenta\u00e7\u00f5es culturais com a Banda do CNEC;<br \/>\n&#8211; 7h45, leitura do texto relativo ao evento;<br \/>\n&#8211; 7h50, Hasteamento do Pavilh\u00e3o Nacional, com a participa\u00e7\u00e3o da Banda do Ex\u00e9rcito Brasileiro;<br \/>\n&#8211; 8 h, Canto do Hino Nacional Brasileiro, executado pela Banda do Ex\u00e9rcito Brasileiro.<\/p>\n<p>Ter\u00e7a-feira (5) \u2013 Na ter\u00e7a-feira, as homenagens elaboradas pela Casa Militar em homenagem \u00e0 Semana da P\u00e1tria ser\u00e3o realizadas no Col\u00e9gio da Pol\u00edcia Militar, no bairro de Mangabeira:<br \/>\n&#8211; 7h, recep\u00e7\u00e3o de autoridades e comunidade;<br \/>\n&#8211; 7h30, apresenta\u00e7\u00f5es culturais com a Banda do Col\u00e9gio da Pol\u00edcia Militar;<br \/>\n&#8211; 7h45, leitura do texto relativo ao evento;<br \/>\n&#8211; 7h50, Hasteamento do Pavilh\u00e3o Nacional, com a participa\u00e7\u00e3o da Banda do Ex\u00e9rcito Brasileiro;<br \/>\n&#8211; 8 h, Canto do Hino Nacional Brasileiro, executado pela Banda do Ex\u00e9rcito Brasileiro.<\/p>\n<p>Quarta-feira (6) \u2013 J\u00e1 na quarta-feira, as homenagens ocorrer\u00e3o no Col\u00e9gio Olivina Ol\u00edvia, no Centro de Jo\u00e3o Pessoa:<br \/>\n&#8211; 7h, recep\u00e7\u00e3o de autoridades e comunidade;<br \/>\n&#8211; 7h30, apresenta\u00e7\u00f5es culturais com a Banda do Col\u00e9gio Olivina Ol\u00edvia;<br \/>\n&#8211; 7h45, leitura do texto relativo ao evento;<br \/>\n&#8211; 7h50, Hasteamento do Pavilh\u00e3o Nacional, com a participa\u00e7\u00e3o da Banda do Ex\u00e9rcito Brasileiro;<br \/>\n&#8211; 8 h, Canto do Hino Nacional Brasileiro, executado pela Banda do Ex\u00e9rcito Brasileiro.<\/p>\n<p>Quinta-feira (7) \u2013 Na quinta-feira, Dia da Independ\u00eancia, ser\u00e1 o auge de programa\u00e7\u00e3o, com a solenidade de Hasteamento do Pavilh\u00e3o Nacional e o tradicional Desfile C\u00edvico, na Avenida Duarte da Silveira, em frente ao Departamento de Estrada de Rodagem (DER), no Centro da Capital:<br \/>\n&#8211; 7h40, Dispositivo pronto;<br \/>\n&#8211; 8h, Passagem em revista \u00e0 tropa formada (estadual e federal);<br \/>\n&#8211; 8h15, Hasteamento do Pavilh\u00e3o Nacional, Estadual e Municipal, acompanhado da Banda 5 de Agosto;<br \/>\n&#8211; 8h20, in\u00edcio do Desfile C\u00edvico Militar de 7 de setembro, com a participa\u00e7\u00e3o dos militares estaduais e federais, escolas, \u00f3rg\u00e3o estaduais, autarquias e entidades civis;<br \/>\n&#8211; 11h, encerramento do Desfile C\u00edvico Militar;<br \/>\n&#8211; 11h10, Extin\u00e7\u00e3o do Fogo Simb\u00f3lico da P\u00e1tria, imediatamente ap\u00f3s o t\u00e9rmino do Desfile;<br \/>\n18h, Arria\u00e7\u00e3o do Pavilh\u00e3o Nacional<\/p>\n<p><strong>CARIRI EM A\u00c7\u00c3O<\/strong><\/p>\n<p><em>Com Portal Correio\/Foto: Google<\/em><\/p>\n<p><strong>Leia mais not\u00edcias em\u00a0<\/strong><a href=\"http:\/\/www.caririemacao.com\/\"><strong>caririemacao.com<\/strong><\/a><strong>, siga nossa p\u00e1gina no\u00a0<\/strong><a href=\"https:\/\/www.facebook.com\/CaririEmAcao\/?ref=aymt_homepage_panel\"><strong>Facebook<\/strong><\/a>,<strong>\u00a0<\/strong><a href=\"https:\/\/www.instagram.com\/cariri_em_acao\/?hl=pt-br\"><strong>Instagram<\/strong><\/a><strong>\u00a0e <\/strong><a href=\"https:\/\/www.youtube.com\/channel\/UCAptA0jQuYQy8vMhLt2m4qg\"><strong>Youtube<\/strong><\/a><strong>\u00a0e veja nossas mat\u00e9rias, v\u00eddeos e fotos. Voc\u00ea tamb\u00e9m pode enviar informa\u00e7\u00f5es \u00e0 Reda\u00e7\u00e3o do Portal Cariri em A\u00e7\u00e3o pelo WhatsApp (83) 9 9634.5791, (83) 9 9601-1162.<\/strong><\/p>\n","protected":false},"excerpt":{"rendered":"<p>O Governo do Estado, por meio da Casa Militar, elaborou uma vasta programa\u00e7\u00e3o para comemorar a Semana da P\u00e1tria, que ter\u00e1 in\u00edcio nesta sexta-feira (1\u00ba),&hellip; <\/p>\n","protected":false},"author":2,"featured_media":27266,"comment_status":"closed","ping_status":"closed","sticky":false,"template":"","format":"standard","meta":{"sfsi_plus_gutenberg_text_before_share":"","sfsi_plus_gutenberg_show_text_before_share":"","sfsi_plus_gutenberg_icon_type":"","sfsi_plus_gutenberg_icon_alignemt":"","sfsi_plus_gutenburg_max_per_row":"","footnotes":""},"categories":[2],"tags":[],"class_list":["post-27265","post","type-post","status-publish","format-standard","has-post-thumbnail","hentry","category-geral"],"_links":{"self":[{"href":"https:\/\/www.caririemacao.com\/1\/wp-json\/wp\/v2\/posts\/27265","targetHints":{"allow":["GET"]}}],"collection":[{"href":"https:\/\/www.caririemacao.com\/1\/wp-json\/wp\/v2\/posts"}],"about":[{"href":"https:\/\/www.caririemacao.com\/1\/wp-json\/wp\/v2\/types\/post"}],"author":[{"embeddable":true,"href":"https:\/\/www.caririemacao.com\/1\/wp-json\/wp\/v2\/users\/2"}],"replies":[{"embeddable":true,"href":"https:\/\/www.caririemacao.com\/1\/wp-json\/wp\/v2\/comments?post=27265"}],"version-history":[{"count":0,"href":"https:\/\/www.caririemacao.com\/1\/wp-json\/wp\/v2\/posts\/27265\/revisions"}],"wp:featuredmedia":[{"embeddable":true,"href":"https:\/\/www.caririemacao.com\/1\/wp-json\/wp\/v2\/media\/27266"}],"wp:attachment":[{"href":"https:\/\/www.caririemacao.com\/1\/wp-json\/wp\/v2\/media?parent=27265"}],"wp:term":[{"taxonomy":"category","embeddable":true,"href":"https:\/\/www.caririemacao.com\/1\/wp-json\/wp\/v2\/categories?post=27265"},{"taxonomy":"post_tag","embeddable":true,"href":"https:\/\/www.caririemacao.com\/1\/wp-json\/wp\/v2\/tags?post=27265"}],"curies":[{"name":"wp","href":"https:\/\/api.w.org\/{rel}","templated":true}]}}