{"id":27268,"date":"2017-08-29T10:08:56","date_gmt":"2017-08-29T13:08:56","guid":{"rendered":"http:\/\/caririemacao.com\/1\/?p=27268"},"modified":"2017-08-29T10:08:56","modified_gmt":"2017-08-29T13:08:56","slug":"bandidos-furtam-moto-da-policia-de-dentro-de-companhia-da-pm-de-boqueirao","status":"publish","type":"post","link":"https:\/\/www.caririemacao.com\/1\/2017\/08\/29\/bandidos-furtam-moto-da-policia-de-dentro-de-companhia-da-pm-de-boqueirao\/","title":{"rendered":"Bandidos furtam moto da pol\u00edcia de dentro de Companhia da PM de Boqueir\u00e3o"},"content":{"rendered":"<p>A ousadia dos bandidos parece n\u00e3o ter limites. Na madrugada deste domingo (27), um grupo de assaltantes furtou uma moto pertencente a 3\u00aa Companhia Independente da Pol\u00edcia Militar, localizada na cidade de Boqueir\u00e3o, no Cariri paraibano, a 146 quil\u00f4metros de Jo\u00e3o Pessoa.<\/p>\n<p>De acordo com o capit\u00e3o Alisson Figueiredo, a a\u00e7\u00e3o teria ocorrido entre 2h e 3h da madrugada. Ele disse que no momento do furto, o pessoal da guarda do quartel estava na unidade, mas n\u00e3o presenciou o fato. Segundo ele, como a moto estava sem a chave, os bandidos furtaram o ve\u00edculo empurrando-o para n\u00e3o chamar a aten\u00e7\u00e3o dos PMs.<\/p>\n<p>Ainda segundo o capit\u00e3o, todos os policiais ser\u00e3o ouvidos dentro de uma sindic\u00e2ncia que ser\u00e1 aberta para apurar o caso em at\u00e9 20 dias.<\/p>\n<p>Ele disse j\u00e1 ter informa\u00e7\u00f5es dos suspeitos pelo crime, mas preferiu n\u00e3o adiantar nomes para n\u00e3o atrapalhar as investiga\u00e7\u00f5es.<\/p>\n<p><strong>CARIRI EM A\u00c7\u00c3O<\/strong><\/p>\n<p><em>Com Portal Correio\/Foto: Google<\/em><\/p>\n<p><strong>Leia mais not\u00edcias em\u00a0<\/strong><a href=\"http:\/\/www.caririemacao.com\/\"><strong>caririemacao.com<\/strong><\/a><strong>, siga nossa p\u00e1gina no\u00a0<\/strong><a href=\"https:\/\/www.facebook.com\/CaririEmAcao\/?ref=aymt_homepage_panel\"><strong>Facebook<\/strong><\/a>,<strong>\u00a0<\/strong><a href=\"https:\/\/www.instagram.com\/cariri_em_acao\/?hl=pt-br\"><strong>Instagram<\/strong><\/a><strong>\u00a0e <\/strong><a href=\"https:\/\/www.youtube.com\/channel\/UCAptA0jQuYQy8vMhLt2m4qg\"><strong>Youtube<\/strong><\/a><strong>\u00a0e veja nossas mat\u00e9rias, v\u00eddeos e fotos. Voc\u00ea tamb\u00e9m pode enviar informa\u00e7\u00f5es \u00e0 Reda\u00e7\u00e3o do Portal Cariri em A\u00e7\u00e3o pelo WhatsApp (83) 9 9634.5791, (83) 9 9601-1162.<\/strong><\/p>\n<p>&nbsp;<\/p>\n","protected":false},"excerpt":{"rendered":"<p>A ousadia dos bandidos parece n\u00e3o ter limites. Na madrugada deste domingo (27), um grupo de assaltantes furtou uma moto pertencente a 3\u00aa Companhia Independente&hellip; <\/p>\n","protected":false},"author":2,"featured_media":27269,"comment_status":"closed","ping_status":"closed","sticky":false,"template":"","format":"standard","meta":{"sfsi_plus_gutenberg_text_before_share":"","sfsi_plus_gutenberg_show_text_before_share":"","sfsi_plus_gutenberg_icon_type":"","sfsi_plus_gutenberg_icon_alignemt":"","sfsi_plus_gutenburg_max_per_row":"","footnotes":""},"categories":[12],"tags":[],"class_list":["post-27268","post","type-post","status-publish","format-standard","has-post-thumbnail","hentry","category-policia"],"_links":{"self":[{"href":"https:\/\/www.caririemacao.com\/1\/wp-json\/wp\/v2\/posts\/27268","targetHints":{"allow":["GET"]}}],"collection":[{"href":"https:\/\/www.caririemacao.com\/1\/wp-json\/wp\/v2\/posts"}],"about":[{"href":"https:\/\/www.caririemacao.com\/1\/wp-json\/wp\/v2\/types\/post"}],"author":[{"embeddable":true,"href":"https:\/\/www.caririemacao.com\/1\/wp-json\/wp\/v2\/users\/2"}],"replies":[{"embeddable":true,"href":"https:\/\/www.caririemacao.com\/1\/wp-json\/wp\/v2\/comments?post=27268"}],"version-history":[{"count":0,"href":"https:\/\/www.caririemacao.com\/1\/wp-json\/wp\/v2\/posts\/27268\/revisions"}],"wp:featuredmedia":[{"embeddable":true,"href":"https:\/\/www.caririemacao.com\/1\/wp-json\/wp\/v2\/media\/27269"}],"wp:attachment":[{"href":"https:\/\/www.caririemacao.com\/1\/wp-json\/wp\/v2\/media?parent=27268"}],"wp:term":[{"taxonomy":"category","embeddable":true,"href":"https:\/\/www.caririemacao.com\/1\/wp-json\/wp\/v2\/categories?post=27268"},{"taxonomy":"post_tag","embeddable":true,"href":"https:\/\/www.caririemacao.com\/1\/wp-json\/wp\/v2\/tags?post=27268"}],"curies":[{"name":"wp","href":"https:\/\/api.w.org\/{rel}","templated":true}]}}