{"id":27271,"date":"2017-08-29T10:12:35","date_gmt":"2017-08-29T13:12:35","guid":{"rendered":"http:\/\/caririemacao.com\/1\/?p=27271"},"modified":"2017-08-29T10:12:35","modified_gmt":"2017-08-29T13:12:35","slug":"maia-diz-que-candidatura-de-lula-e-mais-provavel-do-que-nao","status":"publish","type":"post","link":"https:\/\/www.caririemacao.com\/1\/2017\/08\/29\/maia-diz-que-candidatura-de-lula-e-mais-provavel-do-que-nao\/","title":{"rendered":"Maia diz que candidatura de Lula \u00e9 &#8216;mais prov\u00e1vel do que n\u00e3o&#8217;"},"content":{"rendered":"<p>O presidente da C\u00e2mara, Rodrigo Maia (DEM-RJ), afirmou nesta segunda-feira, 28, que considera a candidatura em 2018 do ex-presidente Luiz In\u00e1cio Lula da Silva &#8220;mais prov\u00e1vel do que n\u00e3o&#8221;. O petista n\u00e3o conseguir\u00e1 ser candidato caso seja condenado em segunda inst\u00e2ncia pela Justi\u00e7a Federal. Ele foi condenado em primeira inst\u00e2ncia pelo juiz S\u00e9rgio Moro, pelos crimes de corrup\u00e7\u00e3o passiva e lavagem de dinheiro.<\/p>\n<p>A declara\u00e7\u00e3o de Maia foi dada ap\u00f3s pergunta sobre sua avalia\u00e7\u00e3o para o cen\u00e1rio eleitoral em 2018, em evento sobre renova\u00e7\u00e3o pol\u00edtica em S\u00e3o Paulo, na sede do Insper. O presidente da C\u00e2mara disse ainda que o ex-presidente, caso seja candidato, vai fazer uma campanha mais radical \u00e0 esquerda. &#8220;Ele vai querer criar um polo de radicaliza\u00e7\u00e3o para garantir a ida dele para o segundo turno&#8221;, afirmou.<\/p>\n<p>Tamb\u00e9m participou do debate sobre renova\u00e7\u00e3o da pol\u00edtica brasileira o ex-prefeito de S\u00e3o Paulo Fernando Haddad. Questionado se a figura de Lula n\u00e3o seria um problema para a renova\u00e7\u00e3o pol\u00edtica na esquerda. &#8220;\u00c9 um problema para a direita, para a esquerda, para todo mundo. \u00c9 uma figura muito complexa, quase um cometa!&#8221;. A plateia riu. Haddad defendeu a habilidade de Lula em criar pontes e negociar com diversos lados da pol\u00edtica e da vida p\u00fablica.<\/p>\n<p>Sobre uma poss\u00edvel candidatura \u00e0 presid\u00eancia, Haddad desconversou. J\u00e1 Maia disse que, se Haddad tivesse sido candidato \u00e0 Presid\u00eancia da Rep\u00fablica, no lugar da ex-presidente Dilma Rousseff, o partido &#8220;n\u00e3o estaria passando pela crise que passa hoje&#8221;.<\/p>\n<p>O presidente da C\u00e2mara tamb\u00e9m comentou que o DEM &#8220;precisa primeiro construir uma mensagem, que tem que vem antes do nome\u00a0<em>(para a Presid\u00eancia)<\/em>.&#8221; Curiosamente, Maia tamb\u00e9m lembrou que em 2010 e 2014 o partido foi &#8220;maltratado pelo PSDB&#8221; . &#8220;Em 2010, tive que negociar a alian\u00e7a com Serra de madrugada. E, em 2014, eles fecharam uma chapa puro sangue&#8221;, lembrou.<\/p>\n<p><strong>Reforma.<\/strong>\u00a0Um dos maiores pontos de diverg\u00eancia entre os dois convidados foi o distrit\u00e3o. Maia defendeu a ado\u00e7\u00e3o do sistema como regra de transi\u00e7\u00e3o at\u00e9 2022 (como ponte para o distrital misto). &#8220;N\u00e3o acredito que o sistema seja pior do que existe hoje. O voto majorit\u00e1rio renova mais que o voto proporcional. Como regra de transi\u00e7\u00e3o, acho v\u00e1lido&#8221;, disse o presidente da C\u00e2mara.<\/p>\n<p>J\u00e1 para Haddad, o distrit\u00e3o atingiria a quest\u00e3o da diversidade na representa\u00e7\u00e3o dos congressistas. &#8220;N\u00e3o vai deixar espa\u00e7o para o aparecimento de minorias pol\u00edticas&#8221;, falou. &#8220;A transi\u00e7\u00e3o n\u00e3o \u00e9 o distrit\u00e3o. Para mim, a transi\u00e7\u00e3o seria o modelo atual sem coliga\u00e7\u00e3o proporcional&#8221;, completou. O petista concorda com Maia a respeito do distrital misto.<\/p>\n<p>O ex-prefeito sugeriu at\u00e9 que o Supremo Tribunal Federal entrasse em cena para garantir o fim das coliga\u00e7\u00f5es j\u00e1 para 2018. J\u00e1 Maia v\u00ea com maus olhos a interven\u00e7\u00e3o do Judici\u00e1rio. &#8220;N\u00e3o gosto do Supremo decidindo pelo Parlamento. Prefiro que Congresso vote ele mesmo o fim das coliga\u00e7\u00f5es&#8221;, declarou o deputado, ap\u00f3s a provoca\u00e7\u00e3o de Haddad.<\/p>\n<p>Haddad considerou a introdu\u00e7\u00e3o da ideia do Parlamentarismo no debate sobre reformas pol\u00edticas uma &#8220;anomalia&#8221; &#8211; e que apenas admitiria uma consulta popular para qualquer mudan\u00e7a do tipo. &#8220;As mudan\u00e7as precisam ser legitimadas pelo voto&#8221;, disse Haddad. Maia concordou com a hip\u00f3tese de uma consulta popular no caso do parlamentarismo crescer como hip\u00f3tese.<\/p>\n<p>Maia tamb\u00e9m pontuou que o sistema brasileiro passa por um longo processo de desgaste. &#8220;A satura\u00e7\u00e3o do sistema pol\u00edtico brasileiro j\u00e1 acontece h\u00e1 muitas elei\u00e7\u00f5es&#8221;.<\/p>\n<p><strong>CARIRI EM A\u00c7\u00c3O<\/strong><\/p>\n<p><em>Com Estad\u00e3o\/Foto: Google<\/em><\/p>\n<p><strong>Leia mais not\u00edcias em\u00a0<\/strong><a href=\"http:\/\/www.caririemacao.com\/\"><strong>caririemacao.com<\/strong><\/a><strong>, siga nossa p\u00e1gina no\u00a0<\/strong><a href=\"https:\/\/www.facebook.com\/CaririEmAcao\/?ref=aymt_homepage_panel\"><strong>Facebook<\/strong><\/a>,<strong>\u00a0<\/strong><a href=\"https:\/\/www.instagram.com\/cariri_em_acao\/?hl=pt-br\"><strong>Instagram<\/strong><\/a><strong>\u00a0e <\/strong><a href=\"https:\/\/www.youtube.com\/channel\/UCAptA0jQuYQy8vMhLt2m4qg\"><strong>Youtube<\/strong><\/a><strong>\u00a0e veja nossas mat\u00e9rias, v\u00eddeos e fotos. Voc\u00ea tamb\u00e9m pode enviar informa\u00e7\u00f5es \u00e0 Reda\u00e7\u00e3o do Portal Cariri em A\u00e7\u00e3o pelo WhatsApp (83) 9 9634.5791, (83) 9 9601-1162.<\/strong><\/p>\n","protected":false},"excerpt":{"rendered":"<p>O presidente da C\u00e2mara, Rodrigo Maia (DEM-RJ), afirmou nesta segunda-feira, 28, que considera a candidatura em 2018 do ex-presidente Luiz In\u00e1cio Lula da Silva &#8220;mais&hellip; <\/p>\n","protected":false},"author":2,"featured_media":27272,"comment_status":"closed","ping_status":"closed","sticky":false,"template":"","format":"standard","meta":{"sfsi_plus_gutenberg_text_before_share":"","sfsi_plus_gutenberg_show_text_before_share":"","sfsi_plus_gutenberg_icon_type":"","sfsi_plus_gutenberg_icon_alignemt":"","sfsi_plus_gutenburg_max_per_row":"","footnotes":""},"categories":[11],"tags":[],"class_list":["post-27271","post","type-post","status-publish","format-standard","has-post-thumbnail","hentry","category-politica"],"_links":{"self":[{"href":"https:\/\/www.caririemacao.com\/1\/wp-json\/wp\/v2\/posts\/27271","targetHints":{"allow":["GET"]}}],"collection":[{"href":"https:\/\/www.caririemacao.com\/1\/wp-json\/wp\/v2\/posts"}],"about":[{"href":"https:\/\/www.caririemacao.com\/1\/wp-json\/wp\/v2\/types\/post"}],"author":[{"embeddable":true,"href":"https:\/\/www.caririemacao.com\/1\/wp-json\/wp\/v2\/users\/2"}],"replies":[{"embeddable":true,"href":"https:\/\/www.caririemacao.com\/1\/wp-json\/wp\/v2\/comments?post=27271"}],"version-history":[{"count":0,"href":"https:\/\/www.caririemacao.com\/1\/wp-json\/wp\/v2\/posts\/27271\/revisions"}],"wp:featuredmedia":[{"embeddable":true,"href":"https:\/\/www.caririemacao.com\/1\/wp-json\/wp\/v2\/media\/27272"}],"wp:attachment":[{"href":"https:\/\/www.caririemacao.com\/1\/wp-json\/wp\/v2\/media?parent=27271"}],"wp:term":[{"taxonomy":"category","embeddable":true,"href":"https:\/\/www.caririemacao.com\/1\/wp-json\/wp\/v2\/categories?post=27271"},{"taxonomy":"post_tag","embeddable":true,"href":"https:\/\/www.caririemacao.com\/1\/wp-json\/wp\/v2\/tags?post=27271"}],"curies":[{"name":"wp","href":"https:\/\/api.w.org\/{rel}","templated":true}]}}