{"id":27274,"date":"2017-08-29T10:21:16","date_gmt":"2017-08-29T13:21:16","guid":{"rendered":"http:\/\/caririemacao.com\/1\/?p=27274"},"modified":"2017-08-29T10:21:16","modified_gmt":"2017-08-29T13:21:16","slug":"prefeitura-de-sao-joao-do-tigre-entrega-casa-de-apoio-a-saude-e-filtros-na-comunidade-de-santa-maria","status":"publish","type":"post","link":"https:\/\/www.caririemacao.com\/1\/2017\/08\/29\/prefeitura-de-sao-joao-do-tigre-entrega-casa-de-apoio-a-saude-e-filtros-na-comunidade-de-santa-maria\/","title":{"rendered":"Prefeitura de S\u00e3o Jo\u00e3o do Tigre entrega Casa de Apoio \u00e0 sa\u00fade e filtros na comunidade de Santa Maria"},"content":{"rendered":"<p>A prefeitura de S\u00e3o Jo\u00e3o do Tigre realiza na pr\u00f3xima dia 30, quarta feira, mais duas important\u00edssimas a\u00e7\u00f5es nas \u00e1reas do desenvolvimento social e da sa\u00fade.<\/p>\n<p>Trata-se da inaugura\u00e7\u00e3o da Casa de Apoio da Sa\u00fade, al\u00e9m de mais uma entrega de filtros, desta vez na comunidade de Santa Maria.<\/p>\n<p>O evento ser\u00e1 realizado a partir das 08 horas da manh\u00e3 no Posto de Sa\u00fade da Fam\u00edlia da comunidade de Santa Maria, e dever\u00e1 contar com a presen\u00e7a de toda a equipe administrativa, prefeito, secret\u00e1rios, diretores, lideran\u00e7as comunit\u00e1rias e a popula\u00e7\u00e3o em geral.<\/p>\n<p>Com mais estas duas a\u00e7\u00f5es, a prefeitura municipal demonstra atrav\u00e9s da gest\u00e3o do governo C\u00e9lio Barbosa sua aten\u00e7\u00e3o priorit\u00e1ria, e a inclus\u00e3o e o respeito com a qual aquela comunidade vem sendo tratada n\u00e3o s\u00f3 neste governo, mas na verdade, nos \u00faltimos 05 anos.<\/p>\n<p><strong>CARIRI EM A\u00c7\u00c3O<\/strong><\/p>\n<p><em>Com Tribuna do Cariri<\/em><\/p>\n<p><strong>Leia mais not\u00edcias em\u00a0<\/strong><a href=\"http:\/\/www.caririemacao.com\/\"><strong>caririemacao.com<\/strong><\/a><strong>, siga nossa p\u00e1gina no\u00a0<\/strong><a href=\"https:\/\/www.facebook.com\/CaririEmAcao\/?ref=aymt_homepage_panel\"><strong>Facebook<\/strong><\/a>,<strong>\u00a0<\/strong><a href=\"https:\/\/www.instagram.com\/cariri_em_acao\/?hl=pt-br\"><strong>Instagram<\/strong><\/a><strong>\u00a0e <\/strong><a href=\"https:\/\/www.youtube.com\/channel\/UCAptA0jQuYQy8vMhLt2m4qg\"><strong>Youtube<\/strong><\/a><strong>\u00a0e veja nossas mat\u00e9rias, v\u00eddeos e fotos. Voc\u00ea tamb\u00e9m pode enviar informa\u00e7\u00f5es \u00e0 Reda\u00e7\u00e3o do Portal Cariri em A\u00e7\u00e3o pelo WhatsApp (83) 9 9634.5791, (83) 9 9601-1162.<\/strong><\/p>\n","protected":false},"excerpt":{"rendered":"<p>A prefeitura de S\u00e3o Jo\u00e3o do Tigre realiza na pr\u00f3xima dia 30, quarta feira, mais duas important\u00edssimas a\u00e7\u00f5es nas \u00e1reas do desenvolvimento social e da&hellip; <\/p>\n","protected":false},"author":2,"featured_media":14579,"comment_status":"closed","ping_status":"closed","sticky":false,"template":"","format":"standard","meta":{"sfsi_plus_gutenberg_text_before_share":"","sfsi_plus_gutenberg_show_text_before_share":"","sfsi_plus_gutenberg_icon_type":"","sfsi_plus_gutenberg_icon_alignemt":"","sfsi_plus_gutenburg_max_per_row":"","footnotes":""},"categories":[6],"tags":[],"class_list":["post-27274","post","type-post","status-publish","format-standard","has-post-thumbnail","hentry","category-cidades"],"_links":{"self":[{"href":"https:\/\/www.caririemacao.com\/1\/wp-json\/wp\/v2\/posts\/27274","targetHints":{"allow":["GET"]}}],"collection":[{"href":"https:\/\/www.caririemacao.com\/1\/wp-json\/wp\/v2\/posts"}],"about":[{"href":"https:\/\/www.caririemacao.com\/1\/wp-json\/wp\/v2\/types\/post"}],"author":[{"embeddable":true,"href":"https:\/\/www.caririemacao.com\/1\/wp-json\/wp\/v2\/users\/2"}],"replies":[{"embeddable":true,"href":"https:\/\/www.caririemacao.com\/1\/wp-json\/wp\/v2\/comments?post=27274"}],"version-history":[{"count":0,"href":"https:\/\/www.caririemacao.com\/1\/wp-json\/wp\/v2\/posts\/27274\/revisions"}],"wp:featuredmedia":[{"embeddable":true,"href":"https:\/\/www.caririemacao.com\/1\/wp-json\/wp\/v2\/media\/14579"}],"wp:attachment":[{"href":"https:\/\/www.caririemacao.com\/1\/wp-json\/wp\/v2\/media?parent=27274"}],"wp:term":[{"taxonomy":"category","embeddable":true,"href":"https:\/\/www.caririemacao.com\/1\/wp-json\/wp\/v2\/categories?post=27274"},{"taxonomy":"post_tag","embeddable":true,"href":"https:\/\/www.caririemacao.com\/1\/wp-json\/wp\/v2\/tags?post=27274"}],"curies":[{"name":"wp","href":"https:\/\/api.w.org\/{rel}","templated":true}]}}