{"id":272982,"date":"2023-08-14T10:44:58","date_gmt":"2023-08-14T13:44:58","guid":{"rendered":"https:\/\/www.caririemacao.com\/1\/?p=272982"},"modified":"2023-08-14T10:44:58","modified_gmt":"2023-08-14T13:44:58","slug":"sidney-sampaio-diz-que-misturou-alcool-com-remedio-antes-de-se-jogar-de-hotel","status":"publish","type":"post","link":"https:\/\/www.caririemacao.com\/1\/2023\/08\/14\/sidney-sampaio-diz-que-misturou-alcool-com-remedio-antes-de-se-jogar-de-hotel\/","title":{"rendered":"Sidney Sampaio diz que misturou \u00e1lcool com rem\u00e9dio antes de se jogar de hotel"},"content":{"rendered":"<header class=\"pg-newDetail__header\">\n<div class=\"gs-container\">\n<div class=\"pg-newDetail__header__content\">\n<p class=\"pg-newDetail__resume\"><em><strong>Usando muletas e botas ortop\u00e9dica, o ator de 43 anos contou que no dia do ocorrido misturou \u00e1lcool e calmantes para dormir.<\/strong><\/em><\/p>\n<\/div>\n<\/div>\n<\/header>\n<div class=\"pg-newDetail__main gs-container\">\n<p>Sidney Sampaio deu sua primeira entrevista, nove dias ap\u00f3s se jogar de um hotel em Copacabana, na Zona Sul do Rio, depois de ter um ataque de f\u00faria e quebrar tudo no quarto. Usando muletas e botas ortop\u00e9dica, o ator de 43 anos contou que no dia do ocorrido misturou \u00e1lcool e calmantes para dormir.<\/p>\n<p>\u201cTomei uma dose de vodca num bistr\u00f4 que tem ao lado da minha casa. Fui para casa, tenso, com a minha estreia (da sua pe\u00e7a de teatro). N\u00e3o consegui dormir. A minha irm\u00e3, que tem receitas desses medicamentos, acabou me dando um rem\u00e9dio que ela est\u00e1 usando para eu dormir. N\u00e3o dormi e acabei tomando um outro rem\u00e9dio\u201d, disse ele ao \u201cDomingo espetacular\u201d, da Record, neste domingo, 13, afirmando que n\u00e3o lembra muito do ocorrido:<\/p>\n<p>&#8220;N\u00e3o me lembro exatamente o motivo pelo qual eu acabei me jogando. Mas eu acho que tem a ver com algum tipo de p\u00e2nico que eu estava sentindo naquele momento. Alguma coisa que eu estava entendendo que estava me fazendo mal. Ou me perseguindo. Me recordo de sentir medo, medo de pedir ajuda, de estar assustado com algumas coisas, n\u00e3o me recordo direito do qu\u00ea. Me lembro quando cai. O tombo em si foi um susto, porque a minha primeira dose de adrenalina come\u00e7ou a me trazer de volta. Senti uma dor forte na coluna, lombar e nas pernas. Lembro que queria sair dali, pedir ajuda. S\u00f3 fui come\u00e7ar a ter clareza dos fatos j\u00e1 no hospital&#8221;.<\/p>\n<p>O ator desmente boatos de que estaria enfrentando uma depress\u00e3o atualmente e afirma que considera &#8220;um milagre&#8221; ter sa\u00eddo com apenas algumas fraturas da queda.<\/p>\n<p>&#8220;Estou com os meus calcanhares fraturados, o dedo e a coluna fraturadas. Gra\u00e7as a Deus n\u00e3o \u00e9 nada cir\u00fargica nem que vai me deixar uma sequela. Tive in\u00fameras possibilidades de isso ter outro desfecho&#8221;, completou ele, que est\u00e1 passando uns dias com a fam\u00edlia e o filho, Leonardo, de 12 anos. &#8220;Considero que nasci de novo. Tinha muitas possibilidades de isso ter outro desfecho&#8221;, finalizou.<\/p>\n<p>Sampaio caiu da janela de um quarto de hotel na Rua Aires Saldanha em Copacabana, na Zona Sul do Rio, no dia 4 de agosto. Segundo o Corpo de Bombeiros, as equipes foram acionadas por volta de 7h27. Ele foi levado para o Hospital Municipal Miguel Couto, na G\u00e1vea, tamb\u00e9m na Zona Sul do Rio.<\/p>\n<p>FONTE: Click PB<\/p>\n<\/div>\n","protected":false},"excerpt":{"rendered":"<p>Usando muletas e botas ortop\u00e9dica, o ator de 43 anos contou que no dia do ocorrido misturou \u00e1lcool e calmantes para dormir. Sidney Sampaio deu&hellip; <\/p>\n","protected":false},"author":6,"featured_media":272983,"comment_status":"closed","ping_status":"closed","sticky":false,"template":"","format":"standard","meta":{"sfsi_plus_gutenberg_text_before_share":"","sfsi_plus_gutenberg_show_text_before_share":"","sfsi_plus_gutenberg_icon_type":"","sfsi_plus_gutenberg_icon_alignemt":"","sfsi_plus_gutenburg_max_per_row":"","footnotes":""},"categories":[50],"tags":[],"class_list":["post-272982","post","type-post","status-publish","format-standard","has-post-thumbnail","hentry","category-destaque"],"_links":{"self":[{"href":"https:\/\/www.caririemacao.com\/1\/wp-json\/wp\/v2\/posts\/272982","targetHints":{"allow":["GET"]}}],"collection":[{"href":"https:\/\/www.caririemacao.com\/1\/wp-json\/wp\/v2\/posts"}],"about":[{"href":"https:\/\/www.caririemacao.com\/1\/wp-json\/wp\/v2\/types\/post"}],"author":[{"embeddable":true,"href":"https:\/\/www.caririemacao.com\/1\/wp-json\/wp\/v2\/users\/6"}],"replies":[{"embeddable":true,"href":"https:\/\/www.caririemacao.com\/1\/wp-json\/wp\/v2\/comments?post=272982"}],"version-history":[{"count":1,"href":"https:\/\/www.caririemacao.com\/1\/wp-json\/wp\/v2\/posts\/272982\/revisions"}],"predecessor-version":[{"id":272984,"href":"https:\/\/www.caririemacao.com\/1\/wp-json\/wp\/v2\/posts\/272982\/revisions\/272984"}],"wp:featuredmedia":[{"embeddable":true,"href":"https:\/\/www.caririemacao.com\/1\/wp-json\/wp\/v2\/media\/272983"}],"wp:attachment":[{"href":"https:\/\/www.caririemacao.com\/1\/wp-json\/wp\/v2\/media?parent=272982"}],"wp:term":[{"taxonomy":"category","embeddable":true,"href":"https:\/\/www.caririemacao.com\/1\/wp-json\/wp\/v2\/categories?post=272982"},{"taxonomy":"post_tag","embeddable":true,"href":"https:\/\/www.caririemacao.com\/1\/wp-json\/wp\/v2\/tags?post=272982"}],"curies":[{"name":"wp","href":"https:\/\/api.w.org\/{rel}","templated":true}]}}