{"id":272985,"date":"2023-08-14T10:47:44","date_gmt":"2023-08-14T13:47:44","guid":{"rendered":"https:\/\/www.caririemacao.com\/1\/?p=272985"},"modified":"2023-08-14T10:47:44","modified_gmt":"2023-08-14T13:47:44","slug":"contribuicao-de-paises-ricos-para-meio-ambiente-nao-e-favor-diz-lula","status":"publish","type":"post","link":"https:\/\/www.caririemacao.com\/1\/2023\/08\/14\/contribuicao-de-paises-ricos-para-meio-ambiente-nao-e-favor-diz-lula\/","title":{"rendered":"Contribui\u00e7\u00e3o de pa\u00edses ricos para meio ambiente n\u00e3o \u00e9 favor, diz Lula"},"content":{"rendered":"<div class=\"row\">\n<p class=\"col-10 offset-1 animated fadeInDown dealy-900 display-8 display-md-8 alt-font font-italic my-1 text-center\" style=\"text-align: center;\"><em><strong>Declara\u00e7\u00e3o foi feita no programa semanal Conversa com o presidente<\/strong><\/em><\/p>\n<p>O presidente Luiz In\u00e1cio Lula da Silva disse nesta segunda-feira (14) que a contribui\u00e7\u00e3o de pa\u00edses ricos para a preserva\u00e7\u00e3o da floresta amaz\u00f4nica n\u00e3o \u00e9 favor, mas o pagamento de uma d\u00edvida com o planeta. Em seu programa semanal<em>\u00a0Conversa com o presidente<\/em>, Lula destacou que, ap\u00f3s a conclus\u00e3o da C\u00fapula da Amaz\u00f4nia na semana passada, os pa\u00edses da regi\u00e3o t\u00eam condi\u00e7\u00f5es de participar da COP28, nos Emirados \u00c1rabes, no fim do ano, cobrando essa contribui\u00e7\u00e3o.<img decoding=\"async\" data-src=\"https:\/\/agenciabrasil.ebc.com.br\/ebc.png?id=1548702&amp;o=node\" src=\"data:image\/svg+xml;base64,PHN2ZyB3aWR0aD0iMSIgaGVpZ2h0PSIxIiB4bWxucz0iaHR0cDovL3d3dy53My5vcmcvMjAwMC9zdmciPjwvc3ZnPg==\" class=\"lazyload\" \/><img decoding=\"async\" data-src=\"https:\/\/agenciabrasil.ebc.com.br\/ebc.gif?id=1548702&amp;o=node\" src=\"data:image\/svg+xml;base64,PHN2ZyB3aWR0aD0iMSIgaGVpZ2h0PSIxIiB4bWxucz0iaHR0cDovL3d3dy53My5vcmcvMjAwMC9zdmciPjwvc3ZnPg==\" class=\"lazyload\" \/><\/p>\n<p>\u201c\u00c9 muito simples compreender. Os pa\u00edses ricos tiveram a sua introdu\u00e7\u00e3o na Revolu\u00e7\u00e3o Industrial bem antes que o Brasil. Ent\u00e3o, eles s\u00e3o respons\u00e1veis pela polui\u00e7\u00e3o do planeta muito antes de n\u00f3s. Eles conseguiram derrubar suas florestas muito antes de n\u00f3s. Agora, o que eles t\u00eam que fazer \u00e9 contribuir financeiramente para que os outros pa\u00edses possam se desenvolver. N\u00f3s n\u00e3o queremos ajuda. N\u00f3s queremos um pagamento efetivo. \u00c9 como se estivessem pagando uma coisa que eles devem \u00e0 humanidade,\u201d diz Lula.<\/p>\n<p>\u201cTemos condi\u00e7\u00f5es de chegar ao mundo, l\u00e1 nos Emirados \u00c1rabes, e dizer o seguinte: &#8220;olha, a situa\u00e7\u00e3o \u00e9 essa. N\u00f3s queremos essa contribui\u00e7\u00e3o de voc\u00eas. E isso n\u00e3o \u00e9 favor. \u00c9 pagamento de uma d\u00edvida que voc\u00eas t\u00eam com o planeta Terra porque voc\u00eas derrubaram a floresta de voc\u00eas 100 ou 150 anos antes de n\u00f3s. Ent\u00e3o, agora, voc\u00eas paguem pra que a gente possa preservar as nossas florestas gerando emprego, oportunidades de trabalho e condi\u00e7\u00f5es de melhorar a vida das pessoas,\u201d explicou o presidente.<\/p>\n<p>FONTE: Ag\u00eancia Brasil<\/p>\n<\/div>\n","protected":false},"excerpt":{"rendered":"<p>Declara\u00e7\u00e3o foi feita no programa semanal Conversa com o presidente O presidente Luiz In\u00e1cio Lula da Silva disse nesta segunda-feira (14) que a contribui\u00e7\u00e3o de&hellip; <\/p>\n","protected":false},"author":6,"featured_media":272986,"comment_status":"closed","ping_status":"closed","sticky":false,"template":"","format":"standard","meta":{"sfsi_plus_gutenberg_text_before_share":"","sfsi_plus_gutenberg_show_text_before_share":"","sfsi_plus_gutenberg_icon_type":"","sfsi_plus_gutenberg_icon_alignemt":"","sfsi_plus_gutenburg_max_per_row":"","footnotes":""},"categories":[50],"tags":[],"class_list":["post-272985","post","type-post","status-publish","format-standard","has-post-thumbnail","hentry","category-destaque"],"_links":{"self":[{"href":"https:\/\/www.caririemacao.com\/1\/wp-json\/wp\/v2\/posts\/272985","targetHints":{"allow":["GET"]}}],"collection":[{"href":"https:\/\/www.caririemacao.com\/1\/wp-json\/wp\/v2\/posts"}],"about":[{"href":"https:\/\/www.caririemacao.com\/1\/wp-json\/wp\/v2\/types\/post"}],"author":[{"embeddable":true,"href":"https:\/\/www.caririemacao.com\/1\/wp-json\/wp\/v2\/users\/6"}],"replies":[{"embeddable":true,"href":"https:\/\/www.caririemacao.com\/1\/wp-json\/wp\/v2\/comments?post=272985"}],"version-history":[{"count":1,"href":"https:\/\/www.caririemacao.com\/1\/wp-json\/wp\/v2\/posts\/272985\/revisions"}],"predecessor-version":[{"id":272987,"href":"https:\/\/www.caririemacao.com\/1\/wp-json\/wp\/v2\/posts\/272985\/revisions\/272987"}],"wp:featuredmedia":[{"embeddable":true,"href":"https:\/\/www.caririemacao.com\/1\/wp-json\/wp\/v2\/media\/272986"}],"wp:attachment":[{"href":"https:\/\/www.caririemacao.com\/1\/wp-json\/wp\/v2\/media?parent=272985"}],"wp:term":[{"taxonomy":"category","embeddable":true,"href":"https:\/\/www.caririemacao.com\/1\/wp-json\/wp\/v2\/categories?post=272985"},{"taxonomy":"post_tag","embeddable":true,"href":"https:\/\/www.caririemacao.com\/1\/wp-json\/wp\/v2\/tags?post=272985"}],"curies":[{"name":"wp","href":"https:\/\/api.w.org\/{rel}","templated":true}]}}