{"id":272993,"date":"2023-08-14T10:55:01","date_gmt":"2023-08-14T13:55:01","guid":{"rendered":"https:\/\/www.caririemacao.com\/1\/?p=272993"},"modified":"2023-08-14T10:55:01","modified_gmt":"2023-08-14T13:55:01","slug":"lula-viaja-ao-paraguai-nesta-segunda-para-posse-de-novo-presidente","status":"publish","type":"post","link":"https:\/\/www.caririemacao.com\/1\/2023\/08\/14\/lula-viaja-ao-paraguai-nesta-segunda-para-posse-de-novo-presidente\/","title":{"rendered":"Lula viaja ao Paraguai nesta segunda para posse de novo presidente"},"content":{"rendered":"<div class=\"subtitulo mb-3\"><em><strong>Evento ser\u00e1 realizado nesta ter\u00e7a-feira em Assun\u00e7\u00e3o; petista tamb\u00e9m ter\u00e1 encontro privado com o ex-presidente Fernando Lugo.<\/strong><\/em><\/div>\n<div><\/div>\n<div>\n<p>O presidente Luiz In\u00e1cio Lula da Silva (PT) embarca na tarde desta segunda-feira (14) ao Paraguai para participar da cerim\u00f4nia de posse do presidente eleito, Santiago Pe\u00f1a. O evento ser\u00e1 realizado na ter\u00e7a-feira (15) em Assun\u00e7\u00e3o, capital do pa\u00eds vizinho. O voo est\u00e1 previsto para decolar de Bras\u00edlia \u00e0s 15h30.<\/p>\n<p>Economista, Pe\u00f1a tem 44 anos e assumir\u00e1 o comando do Paraguai em substitui\u00e7\u00e3o a Mario Abdo Ben\u00edtez.<\/p>\n<p>Ele foi eleito presidente em 30 de abril pelo partido Colorado. Em mandato de cinco anos que se inicia nesta semana, o novo presidente substituir\u00e1 Mario Abdo Ben\u00edtez, seu correligion\u00e1rio.<\/p>\n<p>Al\u00e9m da posse de Pe\u00f1a, Lula ter\u00e1 um encontro privado com o ex-presidente do Paraguai Fernando Lugo ainda nesta segunda.<\/p>\n<p>Ainda neste m\u00eas, o petista pretende fazer um giro pelo continente africano. Ele vai participar, entre 22 e 24, da C\u00fapula dos Brics, grupo formado por Brasil, R\u00fassia, \u00cdndia, China e \u00c1frica do Sul, em Joanesburgo. O presidente tamb\u00e9m avalia visitar oficialmente Angola e S\u00e3o Tom\u00e9 e Pr\u00edncipe.<\/p>\n<p>FONTE: Portal Correio<\/p>\n<\/div>\n","protected":false},"excerpt":{"rendered":"<p>Evento ser\u00e1 realizado nesta ter\u00e7a-feira em Assun\u00e7\u00e3o; petista tamb\u00e9m ter\u00e1 encontro privado com o ex-presidente Fernando Lugo. O presidente Luiz In\u00e1cio Lula da Silva (PT)&hellip; <\/p>\n","protected":false},"author":6,"featured_media":272994,"comment_status":"closed","ping_status":"closed","sticky":false,"template":"","format":"standard","meta":{"sfsi_plus_gutenberg_text_before_share":"","sfsi_plus_gutenberg_show_text_before_share":"","sfsi_plus_gutenberg_icon_type":"","sfsi_plus_gutenberg_icon_alignemt":"","sfsi_plus_gutenburg_max_per_row":"","footnotes":""},"categories":[50,11],"tags":[],"class_list":["post-272993","post","type-post","status-publish","format-standard","has-post-thumbnail","hentry","category-destaque","category-politica"],"_links":{"self":[{"href":"https:\/\/www.caririemacao.com\/1\/wp-json\/wp\/v2\/posts\/272993","targetHints":{"allow":["GET"]}}],"collection":[{"href":"https:\/\/www.caririemacao.com\/1\/wp-json\/wp\/v2\/posts"}],"about":[{"href":"https:\/\/www.caririemacao.com\/1\/wp-json\/wp\/v2\/types\/post"}],"author":[{"embeddable":true,"href":"https:\/\/www.caririemacao.com\/1\/wp-json\/wp\/v2\/users\/6"}],"replies":[{"embeddable":true,"href":"https:\/\/www.caririemacao.com\/1\/wp-json\/wp\/v2\/comments?post=272993"}],"version-history":[{"count":1,"href":"https:\/\/www.caririemacao.com\/1\/wp-json\/wp\/v2\/posts\/272993\/revisions"}],"predecessor-version":[{"id":272995,"href":"https:\/\/www.caririemacao.com\/1\/wp-json\/wp\/v2\/posts\/272993\/revisions\/272995"}],"wp:featuredmedia":[{"embeddable":true,"href":"https:\/\/www.caririemacao.com\/1\/wp-json\/wp\/v2\/media\/272994"}],"wp:attachment":[{"href":"https:\/\/www.caririemacao.com\/1\/wp-json\/wp\/v2\/media?parent=272993"}],"wp:term":[{"taxonomy":"category","embeddable":true,"href":"https:\/\/www.caririemacao.com\/1\/wp-json\/wp\/v2\/categories?post=272993"},{"taxonomy":"post_tag","embeddable":true,"href":"https:\/\/www.caririemacao.com\/1\/wp-json\/wp\/v2\/tags?post=272993"}],"curies":[{"name":"wp","href":"https:\/\/api.w.org\/{rel}","templated":true}]}}