{"id":272996,"date":"2023-08-14T10:59:24","date_gmt":"2023-08-14T13:59:24","guid":{"rendered":"https:\/\/www.caririemacao.com\/1\/?p=272996"},"modified":"2023-08-14T10:59:24","modified_gmt":"2023-08-14T13:59:24","slug":"operacao-da-pf-prende-na-paraiba-acusado-de-divulgar-pornografia-infantil-na-internet","status":"publish","type":"post","link":"https:\/\/www.caririemacao.com\/1\/2023\/08\/14\/operacao-da-pf-prende-na-paraiba-acusado-de-divulgar-pornografia-infantil-na-internet\/","title":{"rendered":"Opera\u00e7\u00e3o da PF prende na Para\u00edba acusado de divulgar pornografia infantil na internet"},"content":{"rendered":"<p>A Pol\u00edcia Federal, em conjunto com o Minist\u00e9rio P\u00fablico da Para\u00edba e com o apoio da Pol\u00edcia Militar, deflagrou na manh\u00e3 de hoje (14) a Opera\u00e7\u00e3o Kitsune, com o objetivo de combater a divulga\u00e7\u00e3o de pornografia infantil na internet.<\/p>\n<p>Foram expedidos pela Justi\u00e7a Estadual de Alagoa Grande, na Para\u00edba, um mandado de busca e apreens\u00e3o e um mandado de pris\u00e3o preventiva que foram cumpridos na cidade de Juarez T\u00e1vora, tamb\u00e9m na Para\u00edba, al\u00e9m do bloqueio de contas banc\u00e1rias em medida de sequestro.<\/p>\n<p>O inqu\u00e9rito policial foi instaurado em 3 de julho deste ano e s\u00e3o investigados os crimes previstos nos arts. 240, 241-A, 241-B e 241-D do Estatuto da Crian\u00e7a e do Adolescente, cujas penas somadas chegam a 21 anos de reclus\u00e3o e multa.<\/p>\n<p>O nome da opera\u00e7\u00e3o \u00e9 uma alus\u00e3o a uma entidade da mitologia japonesa \u2013Kitsune -que possui a habilidade de assumir diversas formas, enganando pessoas para benef\u00edcio pr\u00f3prio, tendo como forma original uma raposa de nove caudas.<\/p>\n<p>O investigado adotava em sua pr\u00e1tica criminosa diversas formas de disfar\u00e7ar sua identidade, utilizando terminais telef\u00f4nicos em nome de terceiros, usando documentos falsos para abertura de contas banc\u00e1rias, dentre outras pr\u00e1ticas, no intuito de dificultar ou impedir sua identifica\u00e7\u00e3o por parte da pol\u00edcia.<\/p>\n<p>O acusado foi encaminhado \u00e0 delegacia da Pol\u00edcia Federal em Campina Grande onde aguardar\u00e1 audi\u00eancia de cust\u00f3dia.<\/p>\n<p>FONTE: MaisPB<\/p>\n","protected":false},"excerpt":{"rendered":"<p>A Pol\u00edcia Federal, em conjunto com o Minist\u00e9rio P\u00fablico da Para\u00edba e com o apoio da Pol\u00edcia Militar, deflagrou na manh\u00e3 de hoje (14) a&hellip; <\/p>\n","protected":false},"author":6,"featured_media":272997,"comment_status":"closed","ping_status":"closed","sticky":false,"template":"","format":"standard","meta":{"sfsi_plus_gutenberg_text_before_share":"","sfsi_plus_gutenberg_show_text_before_share":"","sfsi_plus_gutenberg_icon_type":"","sfsi_plus_gutenberg_icon_alignemt":"","sfsi_plus_gutenburg_max_per_row":"","footnotes":""},"categories":[50,104,12],"tags":[],"class_list":["post-272996","post","type-post","status-publish","format-standard","has-post-thumbnail","hentry","category-destaque","category-paraiba","category-policia"],"_links":{"self":[{"href":"https:\/\/www.caririemacao.com\/1\/wp-json\/wp\/v2\/posts\/272996","targetHints":{"allow":["GET"]}}],"collection":[{"href":"https:\/\/www.caririemacao.com\/1\/wp-json\/wp\/v2\/posts"}],"about":[{"href":"https:\/\/www.caririemacao.com\/1\/wp-json\/wp\/v2\/types\/post"}],"author":[{"embeddable":true,"href":"https:\/\/www.caririemacao.com\/1\/wp-json\/wp\/v2\/users\/6"}],"replies":[{"embeddable":true,"href":"https:\/\/www.caririemacao.com\/1\/wp-json\/wp\/v2\/comments?post=272996"}],"version-history":[{"count":1,"href":"https:\/\/www.caririemacao.com\/1\/wp-json\/wp\/v2\/posts\/272996\/revisions"}],"predecessor-version":[{"id":272998,"href":"https:\/\/www.caririemacao.com\/1\/wp-json\/wp\/v2\/posts\/272996\/revisions\/272998"}],"wp:featuredmedia":[{"embeddable":true,"href":"https:\/\/www.caririemacao.com\/1\/wp-json\/wp\/v2\/media\/272997"}],"wp:attachment":[{"href":"https:\/\/www.caririemacao.com\/1\/wp-json\/wp\/v2\/media?parent=272996"}],"wp:term":[{"taxonomy":"category","embeddable":true,"href":"https:\/\/www.caririemacao.com\/1\/wp-json\/wp\/v2\/categories?post=272996"},{"taxonomy":"post_tag","embeddable":true,"href":"https:\/\/www.caririemacao.com\/1\/wp-json\/wp\/v2\/tags?post=272996"}],"curies":[{"name":"wp","href":"https:\/\/api.w.org\/{rel}","templated":true}]}}