{"id":272999,"date":"2023-08-14T12:05:53","date_gmt":"2023-08-14T15:05:53","guid":{"rendered":"https:\/\/www.caririemacao.com\/1\/?p=272999"},"modified":"2023-08-14T12:05:53","modified_gmt":"2023-08-14T15:05:53","slug":"hospital-regional-santa-filomena-realiza-primeiro-procedimento-de-hemodialise-no-municipio","status":"publish","type":"post","link":"https:\/\/www.caririemacao.com\/1\/2023\/08\/14\/hospital-regional-santa-filomena-realiza-primeiro-procedimento-de-hemodialise-no-municipio\/","title":{"rendered":"Hospital Regional Santa Filomena realiza primeiro procedimento de hemodi\u00e1lise no munic\u00edpio"},"content":{"rendered":"<p style=\"font-weight: 400;\">Segunda-feira, 14 de Agosto de 2023, data que registra um grande marco na sa\u00fade do munic\u00edpio de Monteiro. O Hospital Regional Santa Filomena realizou o primeiro procedimento de hemodi\u00e1lise do munic\u00edpio.<\/p>\n<p style=\"font-weight: 400;\">O paciente trata-se do senhor Eurivaldo Belarmino da Silva, 63 anos de idade. O procedimento de di\u00e1lise promove a remo\u00e7\u00e3o das subst\u00e2ncias t\u00f3xicas que ficam retidas quando os rins deixam de funcionar adequadamente. De uma maneira muito simplificada seria a filtragem do sangue.<\/p>\n<p style=\"font-weight: 400;\">Hemodi\u00e1lise \u00e9 o uso de um equipamento espec\u00edfico que filtra o sangue diretamente e o devolve ao corpo do paciente com menos impurezas.<\/p>\n<p style=\"font-weight: 400;\">O munic\u00edpio segue avan\u00e7ando na qualidade de sa\u00fade, bem como amenizando o sofrimento daqueles que necessitam dos servi\u00e7os de hemodi\u00e1lise, \u201cFoi mais um passo para ofertarmos mais qualidade de vida a todos que necessitam\u201d, comentou a secret\u00e1ria de sa\u00fade Paula Oliveira.<\/p>\n<p style=\"font-weight: 400;\">\n<p style=\"font-weight: 400;\"><strong>CARIRI EM A\u00c7\u00c3O<\/strong><\/p>\n<p>Com Para\u00edba da Gente<\/p>\n","protected":false},"excerpt":{"rendered":"<p>Segunda-feira, 14 de Agosto de 2023, data que registra um grande marco na sa\u00fade do munic\u00edpio de Monteiro. O Hospital Regional Santa Filomena realizou o&hellip; <\/p>\n","protected":false},"author":6,"featured_media":273000,"comment_status":"closed","ping_status":"closed","sticky":false,"template":"","format":"standard","meta":{"sfsi_plus_gutenberg_text_before_share":"","sfsi_plus_gutenberg_show_text_before_share":"","sfsi_plus_gutenberg_icon_type":"","sfsi_plus_gutenberg_icon_alignemt":"","sfsi_plus_gutenburg_max_per_row":"","footnotes":""},"categories":[50,81],"tags":[],"class_list":["post-272999","post","type-post","status-publish","format-standard","has-post-thumbnail","hentry","category-destaque","category-monteiro"],"_links":{"self":[{"href":"https:\/\/www.caririemacao.com\/1\/wp-json\/wp\/v2\/posts\/272999","targetHints":{"allow":["GET"]}}],"collection":[{"href":"https:\/\/www.caririemacao.com\/1\/wp-json\/wp\/v2\/posts"}],"about":[{"href":"https:\/\/www.caririemacao.com\/1\/wp-json\/wp\/v2\/types\/post"}],"author":[{"embeddable":true,"href":"https:\/\/www.caririemacao.com\/1\/wp-json\/wp\/v2\/users\/6"}],"replies":[{"embeddable":true,"href":"https:\/\/www.caririemacao.com\/1\/wp-json\/wp\/v2\/comments?post=272999"}],"version-history":[{"count":1,"href":"https:\/\/www.caririemacao.com\/1\/wp-json\/wp\/v2\/posts\/272999\/revisions"}],"predecessor-version":[{"id":273001,"href":"https:\/\/www.caririemacao.com\/1\/wp-json\/wp\/v2\/posts\/272999\/revisions\/273001"}],"wp:featuredmedia":[{"embeddable":true,"href":"https:\/\/www.caririemacao.com\/1\/wp-json\/wp\/v2\/media\/273000"}],"wp:attachment":[{"href":"https:\/\/www.caririemacao.com\/1\/wp-json\/wp\/v2\/media?parent=272999"}],"wp:term":[{"taxonomy":"category","embeddable":true,"href":"https:\/\/www.caririemacao.com\/1\/wp-json\/wp\/v2\/categories?post=272999"},{"taxonomy":"post_tag","embeddable":true,"href":"https:\/\/www.caririemacao.com\/1\/wp-json\/wp\/v2\/tags?post=272999"}],"curies":[{"name":"wp","href":"https:\/\/api.w.org\/{rel}","templated":true}]}}