{"id":273009,"date":"2023-08-14T21:37:53","date_gmt":"2023-08-15T00:37:53","guid":{"rendered":"https:\/\/www.caririemacao.com\/1\/?p=273009"},"modified":"2023-08-14T21:37:53","modified_gmt":"2023-08-15T00:37:53","slug":"presidente-da-camara-de-sume-e-vereadores-participam-de-plenaria-do-orcamento-democratico-em-monteiro","status":"publish","type":"post","link":"https:\/\/www.caririemacao.com\/1\/2023\/08\/14\/presidente-da-camara-de-sume-e-vereadores-participam-de-plenaria-do-orcamento-democratico-em-monteiro\/","title":{"rendered":"Presidente da C\u00e2mara de Sum\u00e9 e vereadores participam de plen\u00e1ria do Or\u00e7amento Democr\u00e1tico, em Monteiro"},"content":{"rendered":"<p>O presidente da C\u00e2mara de Vereadores de Sum\u00e9, Daniiel L\u00eala e os vereadores Crist\u00f3v\u00e3o Brasil e Dami\u00e3o Rildo, participaram na \u00faltima sexta-feira (11), da plen\u00e1ria do Or\u00e7amento Democr\u00e1tico do Estado, o evento foi realizado em Monteiro.<\/p>\n<p>Os vereadores estiveram ao lado do prefeito \u00c9den Duarte, do ex-prefeito, Neto Duarte, da secret\u00e1ria de sa\u00fade, Tanniery L\u00eala e do advogado, Pablo Forlan.<\/p>\n<p>Para a edi\u00e7\u00e3o de 2023, o munic\u00edpio de Sum\u00e9 defendeu as seguintes prioridades:<\/p>\n<p>1. Transposi\u00e7\u00e3o a\u00e7ude Po\u00e7\u00f5es para a\u00e7ude Sum\u00e9 (Recursos H\u00eddricos);<br \/>\n2. Asfalto de Amparo a Sum\u00e9 (Mobilidade urbana);<br \/>\n3. Centro de Zoonoses em Sum\u00e9 (Bem-estar animal).<\/p>\n<p>A vota\u00e7\u00e3o das prioridades de investimentos segue no site votacaoode.pb.gov.br at\u00e9 o dia 16 de setembro. Basta acessar, inserir as informa\u00e7\u00f5es pessoais e escolher as prioridades de investimentos para cada regi\u00e3o.<\/p>\n<p><img decoding=\"async\" data-src=\"https:\/\/scontent.fcau26-1.fna.fbcdn.net\/v\/t39.30808-6\/366010706_625818239742535_7034085567982209540_n.jpg?_nc_cat=104&amp;ccb=1-7&amp;_nc_sid=7f8c78&amp;_nc_eui2=AeHyEnPwP7V-cYKE1FPTwwLAHH_v3QwHw58cf-_dDAfDn38Kbws4HWmoPkqPFL419GsXigIiwUz3Bzr_1S7IhVBl&amp;_nc_ohc=0YlWMsTOUnAAX-SnZeB&amp;_nc_oc=AQntg-88iJw5yTduI3A6MxoBhr_6V6yP5sDg1UbirpPpm96A3RIdDAU0uPQ8jOun-F4&amp;_nc_ht=scontent.fcau26-1.fna&amp;oh=00_AfDwzxB9Mq91qxbfx8cPztmsipX0YckbM16uab4-Tkun2Q&amp;oe=64E0820B\" alt=\"Pode ser uma imagem de uma ou mais pessoas\" src=\"data:image\/svg+xml;base64,PHN2ZyB3aWR0aD0iMSIgaGVpZ2h0PSIxIiB4bWxucz0iaHR0cDovL3d3dy53My5vcmcvMjAwMC9zdmciPjwvc3ZnPg==\" class=\"lazyload\" \/><\/p>\n<p>Os sumeenses que tiverem dificuldade em votar podem procurar a C\u00e2mara Municipal de segunda a sexta-feira das 07h \u00e0s 12h, um servidor foi colocado \u00e0 disposi\u00e7\u00e3o para ajudar no procedimento.<\/p>\n<p>Ascom\/C\u00e2mara<\/p>\n","protected":false},"excerpt":{"rendered":"<p>O presidente da C\u00e2mara de Vereadores de Sum\u00e9, Daniiel L\u00eala e os vereadores Crist\u00f3v\u00e3o Brasil e Dami\u00e3o Rildo, participaram na \u00faltima sexta-feira (11), da plen\u00e1ria&hellip; <\/p>\n","protected":false},"author":6,"featured_media":273010,"comment_status":"closed","ping_status":"closed","sticky":false,"template":"","format":"standard","meta":{"sfsi_plus_gutenberg_text_before_share":"","sfsi_plus_gutenberg_show_text_before_share":"","sfsi_plus_gutenberg_icon_type":"","sfsi_plus_gutenberg_icon_alignemt":"","sfsi_plus_gutenburg_max_per_row":"","footnotes":""},"categories":[50,95],"tags":[],"class_list":["post-273009","post","type-post","status-publish","format-standard","has-post-thumbnail","hentry","category-destaque","category-sume"],"_links":{"self":[{"href":"https:\/\/www.caririemacao.com\/1\/wp-json\/wp\/v2\/posts\/273009","targetHints":{"allow":["GET"]}}],"collection":[{"href":"https:\/\/www.caririemacao.com\/1\/wp-json\/wp\/v2\/posts"}],"about":[{"href":"https:\/\/www.caririemacao.com\/1\/wp-json\/wp\/v2\/types\/post"}],"author":[{"embeddable":true,"href":"https:\/\/www.caririemacao.com\/1\/wp-json\/wp\/v2\/users\/6"}],"replies":[{"embeddable":true,"href":"https:\/\/www.caririemacao.com\/1\/wp-json\/wp\/v2\/comments?post=273009"}],"version-history":[{"count":1,"href":"https:\/\/www.caririemacao.com\/1\/wp-json\/wp\/v2\/posts\/273009\/revisions"}],"predecessor-version":[{"id":273011,"href":"https:\/\/www.caririemacao.com\/1\/wp-json\/wp\/v2\/posts\/273009\/revisions\/273011"}],"wp:featuredmedia":[{"embeddable":true,"href":"https:\/\/www.caririemacao.com\/1\/wp-json\/wp\/v2\/media\/273010"}],"wp:attachment":[{"href":"https:\/\/www.caririemacao.com\/1\/wp-json\/wp\/v2\/media?parent=273009"}],"wp:term":[{"taxonomy":"category","embeddable":true,"href":"https:\/\/www.caririemacao.com\/1\/wp-json\/wp\/v2\/categories?post=273009"},{"taxonomy":"post_tag","embeddable":true,"href":"https:\/\/www.caririemacao.com\/1\/wp-json\/wp\/v2\/tags?post=273009"}],"curies":[{"name":"wp","href":"https:\/\/api.w.org\/{rel}","templated":true}]}}