{"id":273012,"date":"2023-08-14T21:48:23","date_gmt":"2023-08-15T00:48:23","guid":{"rendered":"https:\/\/www.caririemacao.com\/1\/?p=273012"},"modified":"2023-08-14T21:48:23","modified_gmt":"2023-08-15T00:48:23","slug":"prefeitura-de-ouro-velho-realiza-entrega-de-nova-praca-no-conjunto-habitacional-poeta-tadeu-cassiano","status":"publish","type":"post","link":"https:\/\/www.caririemacao.com\/1\/2023\/08\/14\/prefeitura-de-ouro-velho-realiza-entrega-de-nova-praca-no-conjunto-habitacional-poeta-tadeu-cassiano\/","title":{"rendered":"Prefeitura de Ouro Velho realiza entrega de nova pra\u00e7a no conjunto habitacional &#8216;Poeta Tadeu Cassiano&#8217;"},"content":{"rendered":"<p><span>O munic\u00edpio de Ouro Velho se prepara para mais um momento de avan\u00e7o e desenvolvimento, com a entrega de uma nova obra realizada com recursos pr\u00f3prios pela Prefeitura. Na pr\u00f3xima quinta-feira, dia 17 de agosto, \u00e0s 18:00hs, a comunidade ter\u00e1 o privil\u00e9gio de celebrar a inaugura\u00e7\u00e3o da nova pra\u00e7a no conjunto habitacional &#8220;Poeta Tadeu Cassiano&#8221;.<\/span><\/p>\n<p><span>A iniciativa \u00e9 um reflexo do compromisso da gest\u00e3o do prefeito Dr. Augusto Valadares em fornecer \u00e0 popula\u00e7\u00e3o espa\u00e7os p\u00fablicos de qualidade, que promovam a conviv\u00eancia, lazer e bem-estar. A nova pra\u00e7a \u00e9 um exemplo tang\u00edvel desse esfor\u00e7o, destacando-se como um ambiente pensado para atender \u00e0s necessidades e anseios da comunidade.<\/span><\/p>\n<p><span>O conjunto habitacional &#8220;Poeta Tadeu Cassiano&#8221; ganha um novo atrativo, confiante para a melhoria da qualidade de vida dos moradores. A nova pra\u00e7a n\u00e3o apenas agrega valor ao ambiente, mas tamb\u00e9m oferece um local para encontros familiares, atividades f\u00edsicas e momentos de descontra\u00e7\u00e3o.<\/span><\/p>\n<p><span>Sobre essa importante conquista para a cidade, o prefeito Dr. Augusto Valadares destacou:<\/span><\/p>\n<p><span> &#8220;Estamos muito felizes em entregar mais essa obra \u00e0 nossa querida popula\u00e7\u00e3o de Ouro Velho. A nova pra\u00e7a no conjunto habitacional &#8216;Poeta Tadeu Cassiano&#8217; \u00e9 mais um passo em dire\u00e7\u00e3o ao bem-estar de nossos cidad\u00e3os, refor\u00e7ando o nosso compromisso com o desenvolvimento e a qualidade de vida em nossa cidade,&#8221; disse.<\/span><\/p>\n<p>&nbsp;<\/p>\n<p><strong>CARIRI EM A\u00c7\u00c3O<\/strong><\/p>\n","protected":false},"excerpt":{"rendered":"<p>O munic\u00edpio de Ouro Velho se prepara para mais um momento de avan\u00e7o e desenvolvimento, com a entrega de uma nova obra realizada com recursos&hellip; <\/p>\n","protected":false},"author":6,"featured_media":273013,"comment_status":"closed","ping_status":"closed","sticky":false,"template":"","format":"standard","meta":{"sfsi_plus_gutenberg_text_before_share":"","sfsi_plus_gutenberg_show_text_before_share":"","sfsi_plus_gutenberg_icon_type":"","sfsi_plus_gutenberg_icon_alignemt":"","sfsi_plus_gutenburg_max_per_row":"","footnotes":""},"categories":[50,95],"tags":[],"class_list":["post-273012","post","type-post","status-publish","format-standard","has-post-thumbnail","hentry","category-destaque","category-sume"],"_links":{"self":[{"href":"https:\/\/www.caririemacao.com\/1\/wp-json\/wp\/v2\/posts\/273012","targetHints":{"allow":["GET"]}}],"collection":[{"href":"https:\/\/www.caririemacao.com\/1\/wp-json\/wp\/v2\/posts"}],"about":[{"href":"https:\/\/www.caririemacao.com\/1\/wp-json\/wp\/v2\/types\/post"}],"author":[{"embeddable":true,"href":"https:\/\/www.caririemacao.com\/1\/wp-json\/wp\/v2\/users\/6"}],"replies":[{"embeddable":true,"href":"https:\/\/www.caririemacao.com\/1\/wp-json\/wp\/v2\/comments?post=273012"}],"version-history":[{"count":1,"href":"https:\/\/www.caririemacao.com\/1\/wp-json\/wp\/v2\/posts\/273012\/revisions"}],"predecessor-version":[{"id":273014,"href":"https:\/\/www.caririemacao.com\/1\/wp-json\/wp\/v2\/posts\/273012\/revisions\/273014"}],"wp:featuredmedia":[{"embeddable":true,"href":"https:\/\/www.caririemacao.com\/1\/wp-json\/wp\/v2\/media\/273013"}],"wp:attachment":[{"href":"https:\/\/www.caririemacao.com\/1\/wp-json\/wp\/v2\/media?parent=273012"}],"wp:term":[{"taxonomy":"category","embeddable":true,"href":"https:\/\/www.caririemacao.com\/1\/wp-json\/wp\/v2\/categories?post=273012"},{"taxonomy":"post_tag","embeddable":true,"href":"https:\/\/www.caririemacao.com\/1\/wp-json\/wp\/v2\/tags?post=273012"}],"curies":[{"name":"wp","href":"https:\/\/api.w.org\/{rel}","templated":true}]}}