{"id":274328,"date":"2023-09-10T10:38:51","date_gmt":"2023-09-10T13:38:51","guid":{"rendered":"https:\/\/www.caririemacao.com\/1\/?p=274328"},"modified":"2023-09-10T10:38:51","modified_gmt":"2023-09-10T13:38:51","slug":"faustao-recebe-alta-de-hospital-apos-transplante-de-coracao","status":"publish","type":"post","link":"https:\/\/www.caririemacao.com\/1\/2023\/09\/10\/faustao-recebe-alta-de-hospital-apos-transplante-de-coracao\/","title":{"rendered":"Faust\u00e3o recebe alta de hospital ap\u00f3s transplante de cora\u00e7\u00e3o"},"content":{"rendered":"<header class=\"pg-newDetail__header\">\n<div class=\"gs-container\">\n<div class=\"pg-newDetail__header__content\">\n<p class=\"pg-newDetail__resume\"><em><strong>Na \u00faltima sexta-feira (8), ele havia deixado a \u00e1rea semi-intensiva e foi transferido para um apartamento da unidade de sa\u00fade. Agora, ele est\u00e1 liberado para ir para casa.<\/strong><\/em><\/p>\n<\/div>\n<\/div>\n<\/header>\n<div class=\"pg-newDetail__main gs-container\">\n<p>Faust\u00e3o recebeu alta do Hospital Israelita Albert Einstein, em S\u00e3o Paulo, neste domingo (10). Segundo o \u00faltimo boletim m\u00e9dico divulgado, o apresentador seguir\u00e1 sob as orienta\u00e7\u00f5es m\u00e9dicas e nutricionais para a reabilita\u00e7\u00e3o ap\u00f3s o transplante de cora\u00e7\u00e3o.<\/p>\n<p>Na \u00faltima sexta-feira (8), ele havia deixado a \u00e1rea semi-intensiva e foi transferido para um apartamento da unidade de sa\u00fade. Agora, ele est\u00e1 liberado para ir para casa.<\/p>\n<p>O respons\u00e1vel pela doa\u00e7\u00e3o foi identificado como sendo o jogador de futebol de v\u00e1rzea, F\u00e1bio Cordeiro da Silva, que morreu no \u00faltimo dia 26, v\u00edtima de um Acidente Vascular Cerebral (AVC).<\/p>\n<p>Em 31 de agosto, Faust\u00e3o gravou um v\u00eddeo (veja abaixo) para agradecer a todos que torceram por sua recupera\u00e7\u00e3o e, principalmente, \u00e0 fam\u00edlia do doador do seu novo cora\u00e7\u00e3o: &#8220;Quero fazer um agradecimento especial ao Jos\u00e9 Pereira da Silva, pai do F\u00e1bio, que teve uma grandiosidade incr\u00edvel, uma generosidade absurda e proporcionou que eu continuasse vivo. Eternamente grato ao Jos\u00e9 Pereira da Silva, homem simples. Eu fico emocionado, porque ele me deixou a chance de viver de novo. Agradecer ao Welisson, irm\u00e3o do F\u00e1bio, e \u00e0 Jaqueline, a vi\u00fava. A esses que tenho que agradecer. Essas pessoas das mais humildes que, na hora que eu precisei, me deram um cora\u00e7\u00e3o novo&#8221;.<\/p>\n<p>Faust\u00e3o foi internado na Unidade de Terapia Intensiva (UTI) do Einstein no dia 5 de agosto, para tratar uma insufici\u00eancia card\u00edaca. Ele precisou ser submetido a sess\u00f5es de di\u00e1lise. Por isso, entrou na fila do transplante para receber um novo cora\u00e7\u00e3o. O apresentador ocupava o segundo lugar, de acordo com a Central de Transplantes do Estado de S\u00e3o Paulo, quando foi chamado para a cirurgia.<\/p>\n<p>Pouco depois da interna\u00e7\u00e3o, a mulher de Fausto Silva, Luciana Cardoso, criou um perfil no Instagram para incentivar a doa\u00e7\u00e3o de \u00f3rg\u00e3os, chamado &#8220;Faust\u00e3o do meu cora\u00e7\u00e3o&#8221;. Ele chegou a ser derrubado pela plataforma, mas depois voltou ao ar.<\/p>\n<p>FONTE: Click PB<\/p>\n<\/div>\n","protected":false},"excerpt":{"rendered":"<p>Na \u00faltima sexta-feira (8), ele havia deixado a \u00e1rea semi-intensiva e foi transferido para um apartamento da unidade de sa\u00fade. Agora, ele est\u00e1 liberado para&hellip; <\/p>\n","protected":false},"author":6,"featured_media":274329,"comment_status":"closed","ping_status":"closed","sticky":false,"template":"","format":"standard","meta":{"sfsi_plus_gutenberg_text_before_share":"","sfsi_plus_gutenberg_show_text_before_share":"","sfsi_plus_gutenberg_icon_type":"","sfsi_plus_gutenberg_icon_alignemt":"","sfsi_plus_gutenburg_max_per_row":"","footnotes":""},"categories":[50],"tags":[],"class_list":["post-274328","post","type-post","status-publish","format-standard","has-post-thumbnail","hentry","category-destaque"],"_links":{"self":[{"href":"https:\/\/www.caririemacao.com\/1\/wp-json\/wp\/v2\/posts\/274328","targetHints":{"allow":["GET"]}}],"collection":[{"href":"https:\/\/www.caririemacao.com\/1\/wp-json\/wp\/v2\/posts"}],"about":[{"href":"https:\/\/www.caririemacao.com\/1\/wp-json\/wp\/v2\/types\/post"}],"author":[{"embeddable":true,"href":"https:\/\/www.caririemacao.com\/1\/wp-json\/wp\/v2\/users\/6"}],"replies":[{"embeddable":true,"href":"https:\/\/www.caririemacao.com\/1\/wp-json\/wp\/v2\/comments?post=274328"}],"version-history":[{"count":1,"href":"https:\/\/www.caririemacao.com\/1\/wp-json\/wp\/v2\/posts\/274328\/revisions"}],"predecessor-version":[{"id":274330,"href":"https:\/\/www.caririemacao.com\/1\/wp-json\/wp\/v2\/posts\/274328\/revisions\/274330"}],"wp:featuredmedia":[{"embeddable":true,"href":"https:\/\/www.caririemacao.com\/1\/wp-json\/wp\/v2\/media\/274329"}],"wp:attachment":[{"href":"https:\/\/www.caririemacao.com\/1\/wp-json\/wp\/v2\/media?parent=274328"}],"wp:term":[{"taxonomy":"category","embeddable":true,"href":"https:\/\/www.caririemacao.com\/1\/wp-json\/wp\/v2\/categories?post=274328"},{"taxonomy":"post_tag","embeddable":true,"href":"https:\/\/www.caririemacao.com\/1\/wp-json\/wp\/v2\/tags?post=274328"}],"curies":[{"name":"wp","href":"https:\/\/api.w.org\/{rel}","templated":true}]}}