{"id":274331,"date":"2023-09-10T10:40:03","date_gmt":"2023-09-10T13:40:03","guid":{"rendered":"https:\/\/www.caririemacao.com\/1\/?p=274331"},"modified":"2023-09-10T10:40:03","modified_gmt":"2023-09-10T13:40:03","slug":"brasil-recebe-presidencia-do-g20-e-propoe-forca-tarefa-contra-fome","status":"publish","type":"post","link":"https:\/\/www.caririemacao.com\/1\/2023\/09\/10\/brasil-recebe-presidencia-do-g20-e-propoe-forca-tarefa-contra-fome\/","title":{"rendered":"Brasil recebe presid\u00eancia do G20 e prop\u00f5e for\u00e7a-tarefa contra fome"},"content":{"rendered":"<header class=\"pg-newDetail__header\">\n<div class=\"gs-container\">\n<div class=\"pg-newDetail__header__content\">\n<p class=\"pg-newDetail__resume\"><em><strong>O G20 re\u00fane 19 das maiores economias do mundo e a Uni\u00e3o Europeia. A Uni\u00e3o Africana tamb\u00e9m tornou-se membro permanente durante a c\u00fapula na \u00cdndia.<\/strong><\/em><\/p>\n<\/div>\n<\/div>\n<\/header>\n<div class=\"pg-newDetail__main gs-container\">\n<p>O presidente Luiz In\u00e1cio Lula da Silva recebeu, neste domingo (10), a presid\u00eancia do G20, durante o encerramento da 18\u00aa C\u00fapula de Chefes de Governo e Estado do grupo, que ocorre em Nova D\u00e9li, na \u00cdndia. Durante a cerim\u00f4nia, a lideran\u00e7a do bloco foi transmitida do primeiro-ministro indiano, Narendra Modi, para Lula.<\/p>\n<p>A presid\u00eancia brasileira no G20 ter\u00e1 tr\u00eas prioridades: a inclus\u00e3o social e a luta contra a desigualdade, a fome e a pobreza; o enfrentamento das mudan\u00e7as clim\u00e1ticas e a promo\u00e7\u00e3o do desenvolvimento sustent\u00e1vel em suas dimens\u00f5es econ\u00f4mica, social e ambiental; e a defesa da reforma das institui\u00e7\u00f5es de governan\u00e7a global, que reflita a geopol\u00edtica do presente.<\/p>\n<p>\u201cTodas essas prioridades est\u00e3o contidas no lema da presid\u00eancia brasileira, que diz \u2018Construindo um Mundo Justo e um Planeta Sustent\u00e1vel\u2019\u201d, disse Lula durante discurso no encerramento do encontro. Ele anunciou que ser\u00e3o criadas duas for\u00e7as-tarefas: a Alian\u00e7a Global contra a Fome e a Pobreza e a Mobiliza\u00e7\u00e3o Global contra a Mudan\u00e7a do Clima.<\/p>\n<p>O presidente brasileiro lembrou a trag\u00e9dia no Rio Grande do Sul em decorr\u00eancia da passagem de um ciclone extratropical. De acordo com o \u00faltimo balan\u00e7o, divulgado \u00e0s 18h deste s\u00e1bado (9), o estado contabiliza 41 mortes e 46 pessoas seguem desaparecidas. S\u00e3o 88 munic\u00edpios em estado de calamidade p\u00fablica.<\/p>\n<p>\u201cIsso nos chama a aten\u00e7\u00e3o porque fen\u00f4menos como esse t\u00eam acontecido nos mais diferentes lugares do nosso planeta\u201d, apontou. Ontem (9), durante discurso em outro evento da c\u00fapula, Lula cobrou recursos de pa\u00edses ricos contra aquecimento global. \u201cA natureza continua dando demonstra\u00e7\u00e3o de que n\u00f3s precisamos cuidar dela com muito mais carinho\u201d, acrescentou o presidente.<\/p>\n<p>O G20 re\u00fane 19 das maiores economias do mundo e a Uni\u00e3o Europeia. A Uni\u00e3o Africana tamb\u00e9m tornou-se membro permanente durante a c\u00fapula na \u00cdndia.<\/p>\n<p><strong>Combate \u00e0 fome<\/strong><\/p>\n<p>\u201cPrecisamos redobrar os esfor\u00e7os para alcan\u00e7ar a meta de acabar com a fome no mundo at\u00e9 2030, caso contr\u00e1rio estaremos diante do maior fracasso multilateral dos \u00faltimos anos. Agir para combater a mudan\u00e7a do clima exige vontade pol\u00edtica e determina\u00e7\u00e3o dos governantes, e tamb\u00e9m recursos e transfer\u00eancia de tecnologia\u201d, disse Lula, sobre as linhas basilares da presid\u00eancia brasileira.<\/p>\n<p>Ele tamb\u00e9m destacou a necessidade de que pa\u00edses emergentes tenham mais participa\u00e7\u00e3o nas decis\u00f5es do Banco Mundial e do Fundo Monet\u00e1rio Internacional (FMI). \u201cA insustent\u00e1vel d\u00edvida externa dos pa\u00edses mais pobres precisa ser equacionada. A OMC [Organiza\u00e7\u00e3o Mundial do Com\u00e9rcio] tem que ser revitalizada e seu sistema de solu\u00e7\u00e3o de controv\u00e9rsias precisa voltar a funcionar. Para recuperar sua for\u00e7a pol\u00edtica, o Conselho de Seguran\u00e7a da ONU precisa contar com a presen\u00e7a de novos pa\u00edses em desenvolvimento entre seus membros permanentes e n\u00e3o permanentes\u201d, defendeu.<\/p>\n<p><strong>G20 no Brasil<\/strong><\/p>\n<p>A presid\u00eancia brasileira come\u00e7a em 1\u00ba de dezembro de 2023 e se encerra em 30 de novembro de 2024. A agenda do G20 ser\u00e1 decidida e implementada pelo governo do Brasil, com apoio direto da \u00cdndia, \u00faltima ocupante da presid\u00eancia, e da \u00c1frica do Sul, pa\u00eds que exercer\u00e1 o mandato em 2025. Esse sistema \u00e9 conhecido como troika e \u00e9 um dos diferenciais do grupo em rela\u00e7\u00e3o a outros organismos internacionais.<\/p>\n<p>Entre dezembro de 2023 e novembro de 2024, o Brasil dever\u00e1 organizar mais de 100 reuni\u00f5es oficiais em v\u00e1rias cidades do pa\u00eds, que incluem cerca de 20 reuni\u00f5es ministeriais, 50 reuni\u00f5es de alto n\u00edvel e eventos paralelos. O ponto alto ser\u00e1 a 19\u00aa C\u00fapula de chefes de Estado e governo do G20, nos dias 18 e 19 de novembro de 2024, no Rio de Janeiro.<\/p>\n<p>De acordo com Lula, no G20, o Brasil pretende organizar os trabalhos em torno de tr\u00eas orienta\u00e7\u00f5es gerais. Primeiro, ele prop\u00f5e uma aproxima\u00e7\u00e3o entre a trilha de pol\u00edtica, mais ampla e onde se discutem pol\u00edticas p\u00fablicas, e a trilha de finan\u00e7as, onde se discutem as quest\u00f5es de financiamento, de forma que \u201cse coordenem e trabalhem de forma mais integrada\u201d. \u201cN\u00e3o adianta acordarmos a melhor pol\u00edtica p\u00fablica se n\u00e3o alocarmos os recursos necess\u00e1rios para sua implementa\u00e7\u00e3o\u201d, avaliou.<\/p>\n<p>A presid\u00eancia brasileira deve criar ainda um canal de di\u00e1logo entre os l\u00edderes e a sociedade civil, assegurando que os grupos de engajamento da sociedade, entidades de classe e \u00f3rg\u00e3os p\u00fablicos tenham a oportunidade de reportar suas conclus\u00f5es e recomenda\u00e7\u00f5es aos representantes de governo.<\/p>\n<p>Para o presidente, tamb\u00e9m \u00e9 preciso evitar discuss\u00f5es sobre quest\u00f5es geopol\u00edticas, como guerras, para n\u00e3o esvaziar a agenda de discuss\u00f5es das v\u00e1rias inst\u00e2ncias do bloco. \u201cN\u00e3o nos interessa um G20 dividido. S\u00f3 com uma a\u00e7\u00e3o conjunta \u00e9 que podemos fazer frente aos desafios dos nossos dias. Precisamos de paz e coopera\u00e7\u00e3o em vez de conflitos\u201d, disse.<\/p>\n<p><strong>Agenda internacional<\/strong><\/p>\n<p>\u00c9 a primeira vez que o Brasil assume a presid\u00eancia do G20 desde a sua cria\u00e7\u00e3o, em 1999. O pa\u00eds esteve presente desde o in\u00edcio, quando as 20 maiores economias do mundo se reuniram com o objetivo de buscar uma solu\u00e7\u00e3o para a grave crise financeira que abalou todos os mercados e que levou \u00e0 quebra de um n\u00famero enorme de bancos e outras companhias.<\/p>\n<p>O grupo reunia, \u00e0 \u00e9poca, apenas ministros de finan\u00e7as e presidentes de bancos centrais. Em 2008, para enfrentar nova crise financeira internacional, passou a ter o formato atual, com chefes de Estado e de governo.<\/p>\n<p>\u201cNossa atua\u00e7\u00e3o conjunta nos permitiu enfrentar os momentos mais cr\u00edticos, mas foi insuficiente para corrigir os equ\u00edvocos estruturais do neoliberalismo. A arquitetura financeira global mudou pouco e as bases de uma nova governan\u00e7a econ\u00f4mica n\u00e3o foram lan\u00e7adas. Novas urg\u00eancias surgiram, os desafios se acumularam e se agravaram, vivemos num mundo em que a riqueza est\u00e1 mais concentrada, em que milh\u00f5es de seres humanos ainda passam fome, em que o desenvolvimento sustent\u00e1vel est\u00e1 sempre amea\u00e7ado, em que as institui\u00e7\u00f5es de governan\u00e7a ainda refletem a realidade de meados do s\u00e9culo passado\u201d, alertou Lula em seu discurso em Nova D\u00e9li.<\/p>\n<p>Para ele, a redu\u00e7\u00e3o das desigualdades deve estar no centro da agenda internacional. \u201cS\u00f3 vamos conseguir enfrentar todos esses problemas se tratarmos da quest\u00e3o da desigualdade. A desigualdade de renda, de acesso \u00e0 sa\u00fade, educa\u00e7\u00e3o e alimenta\u00e7\u00e3o, de g\u00eanero e ra\u00e7a e de representa\u00e7\u00e3o est\u00e1 na origem de todas essas anomalias\u201d, destacou.<\/p>\n<p>Al\u00e9m dos l\u00edderes dos pa\u00edses-membros do G20 \u2013 \u00c1frica do Sul, Alemanha, Ar\u00e1bia Saudita, Argentina, Austr\u00e1lia, Brasil, Canad\u00e1, China, Coreia do Sul, Estados Unidos, Fran\u00e7a, \u00cdndia, Indon\u00e9sia, It\u00e1lia, Jap\u00e3o, M\u00e9xico, Reino Unido, R\u00fassia, Turquia e Uni\u00e3o Europeia \u2013, participaram da c\u00fapula, na condi\u00e7\u00e3o de convidados da presid\u00eancia indiana, os l\u00edderes de Bangladesh, Egito, Emirados \u00c1rabes Unidos, Espanha, Maur\u00edcio, Nig\u00e9ria, Om\u00e3, Pa\u00edses Baixos, Singapura e Uni\u00e3o Africana.<\/p>\n<p>O principal documento resultante da 18\u00aa C\u00fapula do G20 foi a Declara\u00e7\u00e3o de L\u00edderes, que incluiu temas como necessidade do desenvolvimento sustent\u00e1vel, da coopera\u00e7\u00e3o econ\u00f4mica e cient\u00edfica, de a\u00e7\u00f5es contra desigualdade e da redu\u00e7\u00e3o do sofrimento causado pelas guerras.<\/p>\n<p>A presid\u00eancia da \u00cdndia iniciou-se em dezembro de 2022 sob o lema Uma Terra, Uma Fam\u00edlia, Um Futuro. Durante o per\u00edodo, o G20 teve como prioridades gerais estilos de vida sustent\u00e1veis, tecnologia, crescimento inclusivo, multilateralismo e lideran\u00e7a de mulheres.<\/p>\n<p>FONTE: Click PB<\/p>\n<\/div>\n","protected":false},"excerpt":{"rendered":"<p>O G20 re\u00fane 19 das maiores economias do mundo e a Uni\u00e3o Europeia. A Uni\u00e3o Africana tamb\u00e9m tornou-se membro permanente durante a c\u00fapula na \u00cdndia.&hellip; <\/p>\n","protected":false},"author":6,"featured_media":274332,"comment_status":"closed","ping_status":"closed","sticky":false,"template":"","format":"standard","meta":{"sfsi_plus_gutenberg_text_before_share":"","sfsi_plus_gutenberg_show_text_before_share":"","sfsi_plus_gutenberg_icon_type":"","sfsi_plus_gutenberg_icon_alignemt":"","sfsi_plus_gutenburg_max_per_row":"","footnotes":""},"categories":[50,11],"tags":[],"class_list":["post-274331","post","type-post","status-publish","format-standard","has-post-thumbnail","hentry","category-destaque","category-politica"],"_links":{"self":[{"href":"https:\/\/www.caririemacao.com\/1\/wp-json\/wp\/v2\/posts\/274331","targetHints":{"allow":["GET"]}}],"collection":[{"href":"https:\/\/www.caririemacao.com\/1\/wp-json\/wp\/v2\/posts"}],"about":[{"href":"https:\/\/www.caririemacao.com\/1\/wp-json\/wp\/v2\/types\/post"}],"author":[{"embeddable":true,"href":"https:\/\/www.caririemacao.com\/1\/wp-json\/wp\/v2\/users\/6"}],"replies":[{"embeddable":true,"href":"https:\/\/www.caririemacao.com\/1\/wp-json\/wp\/v2\/comments?post=274331"}],"version-history":[{"count":1,"href":"https:\/\/www.caririemacao.com\/1\/wp-json\/wp\/v2\/posts\/274331\/revisions"}],"predecessor-version":[{"id":274333,"href":"https:\/\/www.caririemacao.com\/1\/wp-json\/wp\/v2\/posts\/274331\/revisions\/274333"}],"wp:featuredmedia":[{"embeddable":true,"href":"https:\/\/www.caririemacao.com\/1\/wp-json\/wp\/v2\/media\/274332"}],"wp:attachment":[{"href":"https:\/\/www.caririemacao.com\/1\/wp-json\/wp\/v2\/media?parent=274331"}],"wp:term":[{"taxonomy":"category","embeddable":true,"href":"https:\/\/www.caririemacao.com\/1\/wp-json\/wp\/v2\/categories?post=274331"},{"taxonomy":"post_tag","embeddable":true,"href":"https:\/\/www.caririemacao.com\/1\/wp-json\/wp\/v2\/tags?post=274331"}],"curies":[{"name":"wp","href":"https:\/\/api.w.org\/{rel}","templated":true}]}}