{"id":274433,"date":"2023-09-11T15:34:48","date_gmt":"2023-09-11T18:34:48","guid":{"rendered":"https:\/\/www.caririemacao.com\/1\/?p=274433"},"modified":"2023-09-11T15:34:48","modified_gmt":"2023-09-11T18:34:48","slug":"acao-do-bem-promovida-pelo-vereador-dagmando-lopes-agita-sitio-muralhas-em-cuite","status":"publish","type":"post","link":"https:\/\/www.caririemacao.com\/1\/2023\/09\/11\/acao-do-bem-promovida-pelo-vereador-dagmando-lopes-agita-sitio-muralhas-em-cuite\/","title":{"rendered":"A\u00e7\u00e3o do Bem promovida pelo vereador Dagmando Lopes agita S\u00edtio Muralhas em Cuit\u00e9"},"content":{"rendered":"<p><span>No \u00faltimo domingo (10), o S\u00edtio Muralhas, em Cuit\u00e9, foi palco de um evento que aqueceu os cora\u00e7\u00f5es da comunidade local. A &#8220;A\u00e7\u00e3o do Bem&#8221;, promovida pelo presidente da C\u00e2mara, vereador Dagmando Lopes, trouxe uma s\u00e9rie de atividades que proporcionaram alegria, divers\u00e3o e solidariedade para todos os presentes.<\/span><\/p>\n<p><span>A tarde come\u00e7ou com a emocionante &#8220;Corrida Rur\u00e1&#8221;, uma competi\u00e7\u00e3o que reuniu atletas locais em uma disputa saud\u00e1vel pela vit\u00f3ria. Os vencedores foram homenageados e aplaudidos pelo p\u00fablico presente.<\/span><\/p>\n<p><span>Outro momento significativo do evento foi o &#8220;Torneio Saniel&#8221;, uma competi\u00e7\u00e3o esportiva que homenageou Saniel, em saudosa mem\u00f3ria, figura bastante conhecida na cidade. O torneio n\u00e3o apenas celebrou a paix\u00e3o pelo esporte, mas tamb\u00e9m resgatou mem\u00f3rias afetivas e fortaleceu os la\u00e7os de amizade.<\/span><\/p>\n<p><img decoding=\"async\" data-src=\"https:\/\/scontent.fcau26-1.fna.fbcdn.net\/v\/t1.15752-9\/377935507_682651440426672_6866199375099510150_n.jpg?_nc_cat=100&amp;ccb=1-7&amp;_nc_sid=ae9488&amp;_nc_eui2=AeErCCgwD-p5VVgq3vVguot6f8AqDnn3d6B_wCoOefd3oAQDgcuns1pXG6RytxOortTOyTCS7gedBWab9HgittOw&amp;_nc_ohc=aWbWjj5vvpQAX8rshDj&amp;_nc_ht=scontent.fcau26-1.fna&amp;oh=03_AdQDgx6juIszjrUfQMqcuQMiW4cmBL6YU8KGCywid0HhrQ&amp;oe=6526B9CF\" alt=\"Nenhuma descri\u00e7\u00e3o dispon\u00edvel.\" src=\"data:image\/svg+xml;base64,PHN2ZyB3aWR0aD0iMSIgaGVpZ2h0PSIxIiB4bWxucz0iaHR0cDovL3d3dy53My5vcmcvMjAwMC9zdmciPjwvc3ZnPg==\" class=\"lazyload\" \/><\/p>\n<p><span>A solidariedade foi um dos pilares da &#8220;A\u00e7\u00e3o do Bem.&#8221; Um &#8220;Varal Solid\u00e1rio&#8221; foi montado, onde roupas e itens essenciais foram disponibilizados para quem precisasse. Essa iniciativa declarou o compromisso do vereador Dagmando Lopes com a comunidade e a vontade de fazer a diferen\u00e7a na vida das pessoas.<\/span><\/p>\n<p><span>A alegria tomou conta do evento com a anima\u00e7\u00e3o do forr\u00f3 art\u00edstico, que fez todos dan\u00e7arem e celebrarem juntos. A presen\u00e7a do prefeito Charles Camaraense e de Caio Camaraense enriqueceu ainda mais o dia, fortalecendo.<\/span><\/p>\n<p><span>Dagmando Lopes, presidente da C\u00e2mara de Cuit\u00e9 e idealizador da &#8220;A\u00e7\u00e3o do Bem&#8221;, expressou sua gratid\u00e3o a todos que participaram e colaboraram para o sucesso do evento: &#8220;Foi uma tarde incr\u00edvel, repleta de reencontros com amigos, papos animados e a beleza da nossa zona rural. Obrigado a todos que participaram, foi sensacional,&#8221; afirmou.<\/span><\/p>\n<p><img decoding=\"async\" data-src=\"https:\/\/scontent.fcau26-1.fna.fbcdn.net\/v\/t1.15752-9\/377113798_1681061015733946_5328190779837353263_n.jpg?_nc_cat=109&amp;ccb=1-7&amp;_nc_sid=ae9488&amp;_nc_eui2=AeGGbgZiZzzGXtyA33KH1-H_fMAl9exmd618wCX17GZ3rRFFIaTNu_jPZr_thx5KKBauCtbwEuhuP4xDvTFbmJ-S&amp;_nc_ohc=1umDm1OdJBkAX8XFDNG&amp;_nc_ht=scontent.fcau26-1.fna&amp;oh=03_AdTfA1JGn2yY0nTbiJxCP28xlhkFaamlpDfyTcUy0UliVA&amp;oe=6526C666\" alt=\"Nenhuma descri\u00e7\u00e3o dispon\u00edvel.\" src=\"data:image\/svg+xml;base64,PHN2ZyB3aWR0aD0iMSIgaGVpZ2h0PSIxIiB4bWxucz0iaHR0cDovL3d3dy53My5vcmcvMjAwMC9zdmciPjwvc3ZnPg==\" class=\"lazyload\" \/><\/p>\n<p><img decoding=\"async\" data-src=\"https:\/\/scontent.fcau26-1.fna.fbcdn.net\/v\/t1.15752-9\/377913951_218035551249911_2963749010636022175_n.jpg?_nc_cat=101&amp;ccb=1-7&amp;_nc_sid=ae9488&amp;_nc_eui2=AeF22pmv9ecmiqCZ9Q-uQi_hicmE9jUrDNiJyYT2NSsM2LGYy-DRTSWZ0fuXz2JfIkOpr-FgXfsqYMkqLCAw-B24&amp;_nc_ohc=q-hx9xKobncAX_1MXnZ&amp;_nc_ht=scontent.fcau26-1.fna&amp;oh=03_AdQPct8p1XSaZdtWuiualtwYVZL7sukmHnJkyWuK96rlWQ&amp;oe=6526C46B\" alt=\"Nenhuma descri\u00e7\u00e3o dispon\u00edvel.\" src=\"data:image\/svg+xml;base64,PHN2ZyB3aWR0aD0iMSIgaGVpZ2h0PSIxIiB4bWxucz0iaHR0cDovL3d3dy53My5vcmcvMjAwMC9zdmciPjwvc3ZnPg==\" class=\"lazyload\" \/><\/p>\n<p><img decoding=\"async\" data-src=\"https:\/\/scontent.fcau26-1.fna.fbcdn.net\/v\/t1.15752-9\/377109140_6348000581975181_9206909466145005306_n.jpg?_nc_cat=101&amp;ccb=1-7&amp;_nc_sid=ae9488&amp;_nc_eui2=AeE2_nQfIRk54ZqxXZAdgF1iyGYX54dVY5nIZhfnh1VjmdI4OTzRmmbX_pszIo5MTvJrWrxK6Is2S8XIONT8T6n8&amp;_nc_ohc=L_m_F8GzYqcAX_gKd5u&amp;_nc_ht=scontent.fcau26-1.fna&amp;oh=03_AdQTA1YB_gfWpCdkF-f9ot6HJsVwk6cYuiFF59U9Gw--zQ&amp;oe=6526CE32\" alt=\"Nenhuma descri\u00e7\u00e3o dispon\u00edvel.\" src=\"data:image\/svg+xml;base64,PHN2ZyB3aWR0aD0iMSIgaGVpZ2h0PSIxIiB4bWxucz0iaHR0cDovL3d3dy53My5vcmcvMjAwMC9zdmciPjwvc3ZnPg==\" class=\"lazyload\" \/><\/p>\n<p>&nbsp;<\/p>\n<p><strong>CARIRI EM A\u00c7\u00c3O<\/strong><\/p>\n","protected":false},"excerpt":{"rendered":"<p>No \u00faltimo domingo (10), o S\u00edtio Muralhas, em Cuit\u00e9, foi palco de um evento que aqueceu os cora\u00e7\u00f5es da comunidade local. A &#8220;A\u00e7\u00e3o do Bem&#8221;,&hellip; <\/p>\n","protected":false},"author":6,"featured_media":274434,"comment_status":"closed","ping_status":"closed","sticky":false,"template":"","format":"standard","meta":{"sfsi_plus_gutenberg_text_before_share":"","sfsi_plus_gutenberg_show_text_before_share":"","sfsi_plus_gutenberg_icon_type":"","sfsi_plus_gutenberg_icon_alignemt":"","sfsi_plus_gutenburg_max_per_row":"","footnotes":""},"categories":[50,104],"tags":[],"class_list":["post-274433","post","type-post","status-publish","format-standard","has-post-thumbnail","hentry","category-destaque","category-paraiba"],"_links":{"self":[{"href":"https:\/\/www.caririemacao.com\/1\/wp-json\/wp\/v2\/posts\/274433","targetHints":{"allow":["GET"]}}],"collection":[{"href":"https:\/\/www.caririemacao.com\/1\/wp-json\/wp\/v2\/posts"}],"about":[{"href":"https:\/\/www.caririemacao.com\/1\/wp-json\/wp\/v2\/types\/post"}],"author":[{"embeddable":true,"href":"https:\/\/www.caririemacao.com\/1\/wp-json\/wp\/v2\/users\/6"}],"replies":[{"embeddable":true,"href":"https:\/\/www.caririemacao.com\/1\/wp-json\/wp\/v2\/comments?post=274433"}],"version-history":[{"count":1,"href":"https:\/\/www.caririemacao.com\/1\/wp-json\/wp\/v2\/posts\/274433\/revisions"}],"predecessor-version":[{"id":274435,"href":"https:\/\/www.caririemacao.com\/1\/wp-json\/wp\/v2\/posts\/274433\/revisions\/274435"}],"wp:featuredmedia":[{"embeddable":true,"href":"https:\/\/www.caririemacao.com\/1\/wp-json\/wp\/v2\/media\/274434"}],"wp:attachment":[{"href":"https:\/\/www.caririemacao.com\/1\/wp-json\/wp\/v2\/media?parent=274433"}],"wp:term":[{"taxonomy":"category","embeddable":true,"href":"https:\/\/www.caririemacao.com\/1\/wp-json\/wp\/v2\/categories?post=274433"},{"taxonomy":"post_tag","embeddable":true,"href":"https:\/\/www.caririemacao.com\/1\/wp-json\/wp\/v2\/tags?post=274433"}],"curies":[{"name":"wp","href":"https:\/\/api.w.org\/{rel}","templated":true}]}}