{"id":274436,"date":"2023-09-11T18:04:42","date_gmt":"2023-09-11T21:04:42","guid":{"rendered":"https:\/\/www.caririemacao.com\/1\/?p=274436"},"modified":"2023-09-11T18:04:42","modified_gmt":"2023-09-11T21:04:42","slug":"deputado-murilo-galdino-destina-recursos-para-sao-sebastiao-do-umbuzeiro-e-prefeito-comemora","status":"publish","type":"post","link":"https:\/\/www.caririemacao.com\/1\/2023\/09\/11\/deputado-murilo-galdino-destina-recursos-para-sao-sebastiao-do-umbuzeiro-e-prefeito-comemora\/","title":{"rendered":"Deputado Murilo Galdino destina recursos para S\u00e3o Sebasti\u00e3o do Umbuzeiro e prefeito comemora"},"content":{"rendered":"<p>O prefeito de S\u00e3o Sebasti\u00e3o do Umbuzeiro, Adriano Wolff, comemorou nesta segunda-feira (11), o an\u00fancio do deputado federal, Murilo Galdino, que destinou recursos no valor de mais de R$ 246 mil para o custeio da sa\u00fade na cidade.<\/p>\n<p>Essa not\u00edcia representa um marco significativo para S\u00e3o Sebasti\u00e3o do Umbuzeiro, uma vez que os recursos destinados contribuem diretamente para a melhoria dos servi\u00e7os de sa\u00fade oferecidos \u00e0 comunidade. O prefeito Adriano Wolff expressou sua satisfa\u00e7\u00e3o com a not\u00edcia e destacou o impacto positivo que esses recursos ter\u00e3o na vida das pessoas.<\/p>\n<p>Segundo o prefeito, o valor destinado pelo deputado Murilo Galdino ser\u00e1 direcionado para atender as necessidades das fam\u00edlias que mais precisam de assist\u00eancia na \u00e1rea da sa\u00fade.<\/p>\n<p>\u201cEstamos muito felizes com o destino desse importante investimento em nossa sa\u00fade. Isso demonstra o comprometimento do deputado Murilo Galdino com nossa cidade e a preocupa\u00e7\u00e3o em garantir o melhor atendimento para nossa popula\u00e7\u00e3o. Vamos seguir trabalhando incansavelmente para fazer o melhor uso desses recursos em benef\u00edcio de nossa comunidade,\u201d disse.<\/p>\n<figure class=\"wp-block-image size-full\"><img fetchpriority=\"high\" decoding=\"async\" class=\"not-transparent wp-image-69105\" src=\"https:\/\/www.blogdobrunolira.com.br\/wp-content\/uploads\/2023\/09\/WhatsApp-Image-2023-09-11-at-17.27.17-jpeg.webp\" sizes=\"(max-width: 941px) 100vw, 941px\" srcset=\"https:\/\/www.blogdobrunolira.com.br\/wp-content\/uploads\/2023\/09\/WhatsApp-Image-2023-09-11-at-17.27.17-jpeg.webp 941w, https:\/\/www.blogdobrunolira.com.br\/wp-content\/uploads\/2023\/09\/WhatsApp-Image-2023-09-11-at-17.27.17-276x300.webp 276w, https:\/\/www.blogdobrunolira.com.br\/wp-content\/uploads\/2023\/09\/WhatsApp-Image-2023-09-11-at-17.27.17-768x836.webp 768w\" alt=\"\" width=\"941\" height=\"1024\" data-dominant-color=\"717179\" data-has-transparency=\"false\" \/><\/figure>\n<p>&nbsp;<\/p>\n<p><strong>CARIRI EM A\u00c7\u00c3O<\/strong><\/p>\n<p>Com Blog do Bruno Lira<\/p>\n","protected":false},"excerpt":{"rendered":"<p>O prefeito de S\u00e3o Sebasti\u00e3o do Umbuzeiro, Adriano Wolff, comemorou nesta segunda-feira (11), o an\u00fancio do deputado federal, Murilo Galdino, que destinou recursos no valor&hellip; <\/p>\n","protected":false},"author":6,"featured_media":274437,"comment_status":"closed","ping_status":"closed","sticky":false,"template":"","format":"standard","meta":{"sfsi_plus_gutenberg_text_before_share":"","sfsi_plus_gutenberg_show_text_before_share":"","sfsi_plus_gutenberg_icon_type":"","sfsi_plus_gutenberg_icon_alignemt":"","sfsi_plus_gutenburg_max_per_row":"","footnotes":""},"categories":[50,92],"tags":[],"class_list":["post-274436","post","type-post","status-publish","format-standard","has-post-thumbnail","hentry","category-destaque","category-sao-sebastiao-do-umbuzeiro"],"_links":{"self":[{"href":"https:\/\/www.caririemacao.com\/1\/wp-json\/wp\/v2\/posts\/274436","targetHints":{"allow":["GET"]}}],"collection":[{"href":"https:\/\/www.caririemacao.com\/1\/wp-json\/wp\/v2\/posts"}],"about":[{"href":"https:\/\/www.caririemacao.com\/1\/wp-json\/wp\/v2\/types\/post"}],"author":[{"embeddable":true,"href":"https:\/\/www.caririemacao.com\/1\/wp-json\/wp\/v2\/users\/6"}],"replies":[{"embeddable":true,"href":"https:\/\/www.caririemacao.com\/1\/wp-json\/wp\/v2\/comments?post=274436"}],"version-history":[{"count":1,"href":"https:\/\/www.caririemacao.com\/1\/wp-json\/wp\/v2\/posts\/274436\/revisions"}],"predecessor-version":[{"id":274438,"href":"https:\/\/www.caririemacao.com\/1\/wp-json\/wp\/v2\/posts\/274436\/revisions\/274438"}],"wp:featuredmedia":[{"embeddable":true,"href":"https:\/\/www.caririemacao.com\/1\/wp-json\/wp\/v2\/media\/274437"}],"wp:attachment":[{"href":"https:\/\/www.caririemacao.com\/1\/wp-json\/wp\/v2\/media?parent=274436"}],"wp:term":[{"taxonomy":"category","embeddable":true,"href":"https:\/\/www.caririemacao.com\/1\/wp-json\/wp\/v2\/categories?post=274436"},{"taxonomy":"post_tag","embeddable":true,"href":"https:\/\/www.caririemacao.com\/1\/wp-json\/wp\/v2\/tags?post=274436"}],"curies":[{"name":"wp","href":"https:\/\/api.w.org\/{rel}","templated":true}]}}