{"id":274440,"date":"2023-09-11T20:10:24","date_gmt":"2023-09-11T23:10:24","guid":{"rendered":"https:\/\/www.caririemacao.com\/1\/?p=274440"},"modified":"2023-09-11T20:10:24","modified_gmt":"2023-09-11T23:10:24","slug":"daniella-admite-abrir-mao-da-reeleicao-na-hipotese-de-ascensao-de-lucas-ao-governo","status":"publish","type":"post","link":"https:\/\/www.caririemacao.com\/1\/2023\/09\/11\/daniella-admite-abrir-mao-da-reeleicao-na-hipotese-de-ascensao-de-lucas-ao-governo\/","title":{"rendered":"Daniella admite abrir m\u00e3o da reelei\u00e7\u00e3o, na hip\u00f3tese de ascens\u00e3o de Lucas ao governo"},"content":{"rendered":"<p>A senadora Daniella Ribeiro (PSD) afirmou, na noite desta segunda-feira (11), que se sentiria contemplada com o vice-governador Lucas Ribeiro (Progressistas) na chapa majorit\u00e1ria em 2026. No caso da ascens\u00e3o de Lucas ao governo, diante da hip\u00f3tese do governador Jo\u00e3o Azev\u00eado (PSB) deixar o governo para pleitear o Senado, Daniella n\u00e3o disputaria a reelei\u00e7\u00e3o.<\/p>\n<p>\u201cEm sendo Lucas, eu s\u00f3 posso ser candidata a senadora e isso n\u00e3o ser\u00e1 poss\u00edvel por for\u00e7a de voc\u00ea colocar dois nomes de uma mesma fam\u00edlia dentro de uma chapa. Ficaria incompat\u00edvel. Voc\u00ea precisa de composi\u00e7\u00f5es. Eu me sinto contemplada com a presen\u00e7a de Lucas na chapa, mas eu n\u00e3o posso descartar nada (porque vai depender da decis\u00e3o de Jo\u00e3o\u201d, enfatizou Daniella<strong>.<\/strong><\/p>\n<p>Para Daniella Ribeiro, a elei\u00e7\u00e3o de 2026 ser\u00e1 influenciada por 2024. Apesar de afirmar que o pleito do pr\u00f3ximo ano n\u00e3o est\u00e1 \u201cno seu radar\u201d, Daniella deixou em aberto a possibilidade de concorrer a Prefeitura de Campina Grande, no Agreste paraibano.<\/p>\n<p>O principal motivo, acrescenta a parlamentar, \u00e9 o rumo da gest\u00e3o do prefeito Bruno Cunha Lima (PSD). Na avalia\u00e7\u00e3o de Daniella, a reprova\u00e7\u00e3o do governo de Cunha Lima \u00e9 um est\u00edmulo para avalia\u00e7\u00e3o de uma candidatura pela oposi\u00e7\u00e3o. \u201cO que est\u00e1 no meu radar \u00e9 o que eu j\u00e1 estou fazendo no Senado Federal. Em 2026 passa por 2024\u2033, cravou.<\/p>\n<p>&nbsp;<\/p>\n<p>MaisPB<\/p>\n","protected":false},"excerpt":{"rendered":"<p>A senadora Daniella Ribeiro (PSD) afirmou, na noite desta segunda-feira (11), que se sentiria contemplada com o vice-governador Lucas Ribeiro (Progressistas) na chapa majorit\u00e1ria em&hellip; <\/p>\n","protected":false},"author":6,"featured_media":274441,"comment_status":"closed","ping_status":"closed","sticky":false,"template":"","format":"standard","meta":{"sfsi_plus_gutenberg_text_before_share":"","sfsi_plus_gutenberg_show_text_before_share":"","sfsi_plus_gutenberg_icon_type":"","sfsi_plus_gutenberg_icon_alignemt":"","sfsi_plus_gutenburg_max_per_row":"","footnotes":""},"categories":[50,104,11],"tags":[],"class_list":["post-274440","post","type-post","status-publish","format-standard","has-post-thumbnail","hentry","category-destaque","category-paraiba","category-politica"],"_links":{"self":[{"href":"https:\/\/www.caririemacao.com\/1\/wp-json\/wp\/v2\/posts\/274440","targetHints":{"allow":["GET"]}}],"collection":[{"href":"https:\/\/www.caririemacao.com\/1\/wp-json\/wp\/v2\/posts"}],"about":[{"href":"https:\/\/www.caririemacao.com\/1\/wp-json\/wp\/v2\/types\/post"}],"author":[{"embeddable":true,"href":"https:\/\/www.caririemacao.com\/1\/wp-json\/wp\/v2\/users\/6"}],"replies":[{"embeddable":true,"href":"https:\/\/www.caririemacao.com\/1\/wp-json\/wp\/v2\/comments?post=274440"}],"version-history":[{"count":1,"href":"https:\/\/www.caririemacao.com\/1\/wp-json\/wp\/v2\/posts\/274440\/revisions"}],"predecessor-version":[{"id":274442,"href":"https:\/\/www.caririemacao.com\/1\/wp-json\/wp\/v2\/posts\/274440\/revisions\/274442"}],"wp:featuredmedia":[{"embeddable":true,"href":"https:\/\/www.caririemacao.com\/1\/wp-json\/wp\/v2\/media\/274441"}],"wp:attachment":[{"href":"https:\/\/www.caririemacao.com\/1\/wp-json\/wp\/v2\/media?parent=274440"}],"wp:term":[{"taxonomy":"category","embeddable":true,"href":"https:\/\/www.caririemacao.com\/1\/wp-json\/wp\/v2\/categories?post=274440"},{"taxonomy":"post_tag","embeddable":true,"href":"https:\/\/www.caririemacao.com\/1\/wp-json\/wp\/v2\/tags?post=274440"}],"curies":[{"name":"wp","href":"https:\/\/api.w.org\/{rel}","templated":true}]}}