{"id":274446,"date":"2023-09-12T07:56:24","date_gmt":"2023-09-12T10:56:24","guid":{"rendered":"https:\/\/www.caririemacao.com\/1\/?p=274446"},"modified":"2023-09-12T07:56:24","modified_gmt":"2023-09-12T10:56:24","slug":"ex-presidente-bolsonaro-e-internado-em-sao-paulo-para-passar-por-cirurgias","status":"publish","type":"post","link":"https:\/\/www.caririemacao.com\/1\/2023\/09\/12\/ex-presidente-bolsonaro-e-internado-em-sao-paulo-para-passar-por-cirurgias\/","title":{"rendered":"Ex-presidente Bolsonaro \u00e9 internado em S\u00e3o Paulo para passar por cirurgias"},"content":{"rendered":"<header class=\"pg-newDetail__header\">\n<div class=\"gs-container\">\n<div class=\"pg-newDetail__header__content\">\n<p class=\"pg-newDetail__resume\">Segundo informa\u00e7\u00f5es do assessor do ex-chefe do Executivo Fabio Wajngarten, Bolsonaro chegou ao hospital por volta das 14h30 de ontem.<\/p>\n<\/div>\n<\/div>\n<\/header>\n<div class=\"pg-newDetail__main gs-container\">\n<p>O ex-presidente da Rep\u00fablica Jair Bolsonaro foi internado ontem segunda-feira (11) no Hospital Vila Nova Star, em S\u00e3o Paulo, para passar por cirurgias. Segundo informa\u00e7\u00f5es do assessor do ex-chefe do Executivo Fabio Wajngarten, Bolsonaro chegou ao hospital por volta das 14h30 de hoje.<\/p>\n<p>At\u00e9 este momento, a reportagem da Ag\u00eancia Brasil n\u00e3o conseguiu obter mais detalhes sobre os procedimentos aos quais Bolsonaro ser\u00e1 submetido. A assessoria do Hospital Vila Nova Star foi procurada, mas n\u00e3o informou \u00e0 reportagem quais s\u00e3o as cirurgias e quando ser\u00e3o realizadas.<\/p>\n<p>Em entrevista \u00e0 Reuters na noite de domingo (10), o ex-presidente afirmou que as cirurgias seriam feitas para tratar consequ\u00eancias da facada que sofreu durante a campanha presidencial de 2018, em Juiz de Fora, Minas Gerais.<\/p>\n<p>Na entrevista, Bolsonaro revelou que seria submetido a tr\u00eas cirurgias: uma para desvio de septo, outra para corrigir uma h\u00e9rnia de hiato e a terceira para corre\u00e7\u00e3o do intestino. Uma delas, a do intestino, informou o ex-presidente, teria sido remarcada para outubro ou novembro.<\/p>\n<p>No m\u00eas passado, o ex-presidente esteve no Hospital Vila Nova Star para passar por exames de rotina. No momento da interna\u00e7\u00e3o, Wajngarten informou que os exames eram para avaliar a condi\u00e7\u00e3o cl\u00ednica do paciente, especialmente no sistema digestivo, tr\u00e1fego intestinal, ader\u00eancias, h\u00e9rnia abdominal e refluxo.<\/p>\n<p>Desde que sofreu o atentado, na campanha de 2018, Bolsonaro enfrentou ao menos sete interna\u00e7\u00f5es cir\u00fargicas e de recupera\u00e7\u00e3o.<\/p>\n<p>FONTE: Click PB<\/p>\n<\/div>\n","protected":false},"excerpt":{"rendered":"<p>Segundo informa\u00e7\u00f5es do assessor do ex-chefe do Executivo Fabio Wajngarten, Bolsonaro chegou ao hospital por volta das 14h30 de ontem. O ex-presidente da Rep\u00fablica Jair&hellip; <\/p>\n","protected":false},"author":6,"featured_media":274447,"comment_status":"closed","ping_status":"closed","sticky":false,"template":"","format":"standard","meta":{"sfsi_plus_gutenberg_text_before_share":"","sfsi_plus_gutenberg_show_text_before_share":"","sfsi_plus_gutenberg_icon_type":"","sfsi_plus_gutenberg_icon_alignemt":"","sfsi_plus_gutenburg_max_per_row":"","footnotes":""},"categories":[50],"tags":[],"class_list":["post-274446","post","type-post","status-publish","format-standard","has-post-thumbnail","hentry","category-destaque"],"_links":{"self":[{"href":"https:\/\/www.caririemacao.com\/1\/wp-json\/wp\/v2\/posts\/274446","targetHints":{"allow":["GET"]}}],"collection":[{"href":"https:\/\/www.caririemacao.com\/1\/wp-json\/wp\/v2\/posts"}],"about":[{"href":"https:\/\/www.caririemacao.com\/1\/wp-json\/wp\/v2\/types\/post"}],"author":[{"embeddable":true,"href":"https:\/\/www.caririemacao.com\/1\/wp-json\/wp\/v2\/users\/6"}],"replies":[{"embeddable":true,"href":"https:\/\/www.caririemacao.com\/1\/wp-json\/wp\/v2\/comments?post=274446"}],"version-history":[{"count":1,"href":"https:\/\/www.caririemacao.com\/1\/wp-json\/wp\/v2\/posts\/274446\/revisions"}],"predecessor-version":[{"id":274448,"href":"https:\/\/www.caririemacao.com\/1\/wp-json\/wp\/v2\/posts\/274446\/revisions\/274448"}],"wp:featuredmedia":[{"embeddable":true,"href":"https:\/\/www.caririemacao.com\/1\/wp-json\/wp\/v2\/media\/274447"}],"wp:attachment":[{"href":"https:\/\/www.caririemacao.com\/1\/wp-json\/wp\/v2\/media?parent=274446"}],"wp:term":[{"taxonomy":"category","embeddable":true,"href":"https:\/\/www.caririemacao.com\/1\/wp-json\/wp\/v2\/categories?post=274446"},{"taxonomy":"post_tag","embeddable":true,"href":"https:\/\/www.caririemacao.com\/1\/wp-json\/wp\/v2\/tags?post=274446"}],"curies":[{"name":"wp","href":"https:\/\/api.w.org\/{rel}","templated":true}]}}