{"id":274975,"date":"2023-09-22T08:09:25","date_gmt":"2023-09-22T11:09:25","guid":{"rendered":"https:\/\/www.caririemacao.com\/1\/?p=274975"},"modified":"2023-09-22T08:09:25","modified_gmt":"2023-09-22T11:09:25","slug":"amazonia-legal-tera-recursos-para-projetos-de-bioeconomia","status":"publish","type":"post","link":"https:\/\/www.caririemacao.com\/1\/2023\/09\/22\/amazonia-legal-tera-recursos-para-projetos-de-bioeconomia\/","title":{"rendered":"Amaz\u00f4nia Legal ter\u00e1 recursos para projetos de bioeconomia"},"content":{"rendered":"<div class=\"row\">\n<p class=\"col-10 offset-1 animated fadeInDown dealy-900 display-8 display-md-8 alt-font font-italic my-1 text-center\" style=\"text-align: center;\"><em><strong>Linha de cr\u00e9dito foi anunciada pelo Banco do Brasil<\/strong><\/em><\/p>\n<p>Iniciativas de bioeconomia e infraestrutura sustent\u00e1vel na Amaz\u00f4nia Legal devem ganhar investimentos de US$ 250 milh\u00f5es nos pr\u00f3ximos meses.\u00a0<img decoding=\"async\" data-src=\"https:\/\/agenciabrasil.ebc.com.br\/ebc.png?id=1556969&amp;o=node\" src=\"data:image\/svg+xml;base64,PHN2ZyB3aWR0aD0iMSIgaGVpZ2h0PSIxIiB4bWxucz0iaHR0cDovL3d3dy53My5vcmcvMjAwMC9zdmciPjwvc3ZnPg==\" class=\"lazyload\" \/><img decoding=\"async\" data-src=\"https:\/\/agenciabrasil.ebc.com.br\/ebc.gif?id=1556969&amp;o=node\" src=\"data:image\/svg+xml;base64,PHN2ZyB3aWR0aD0iMSIgaGVpZ2h0PSIxIiB4bWxucz0iaHR0cDovL3d3dy53My5vcmcvMjAwMC9zdmciPjwvc3ZnPg==\" class=\"lazyload\" \/><\/p>\n<p>O valor ser\u00e1 destinado a uma linha de cr\u00e9dito para projetos de investimentos. O an\u00fancio foi feito ontem quinta-feira (21) pelo Banco do Brasil (BB), em parceria com o Banco Interamericano de Desenvolvimento (BID), e soma for\u00e7as ao Movimento Impacto Amaz\u00f4nia, firmado durante o Pacto Global da ONU no Brasil, em Nova York, na \u00faltima semana.<\/p>\n<p>A inciativa pretende promover desenvolvimento na regi\u00e3o amaz\u00f4nica por meio de apoio a bioempresas e a produtores rurais locais. Outros objetivos s\u00e3o\u00a0financiar projetos de gera\u00e7\u00e3o de energia a partir de fontes renov\u00e1veis e investir na melhoria da conectividade em \u00e1reas urbanas, rurais e florestais da Amaz\u00f4nia Legal, com prioridade para localidades isoladas.<\/p>\n<p>O projeto est\u00e1 alinhado aos 12 compromissos de Sustentabilidade do BB e ao pilar de bioeconomia da Amaz\u00f4nia Sempre, programa do BID para o desenvolvimento sustent\u00e1vel da regi\u00e3o.<\/p>\n<p>O vice-presidente de Governo e Sustentabilidade Empresarial do Banco do Brasil, Jos\u00e9 Ricardo Sasseron, destacou\u00a0outras a\u00e7\u00f5es sustent\u00e1veis da institui\u00e7\u00e3o, inclusive em \u00e1reas degradadas da Amaz\u00f4nia. \u201cA nossa meta para preserva\u00e7\u00e3o e reflorestamento da floresta \u00e9 de 1\u00a0milh\u00e3o de hectares at\u00e9 2025. Isso corresponde a um ter\u00e7o do territ\u00f3rio da B\u00e9lgica, por exemplo, s\u00f3 para termos uma refer\u00eancia\u201d.<\/p>\n<p>Sasseron lembrou que antes desses acordos, o Banco do Brasil ja investia em torno de R$ 136 bilh\u00f5es na \u00e1rea da Amaz\u00f4nia Legal, al\u00e9m de conceder cr\u00e9ditos para produ\u00e7\u00e3o e extra\u00e7\u00e3o de cacau, castanha do Par\u00e1, a\u00e7a\u00ed que, segundo ele, \u201cs\u00e3o produtos que preservam a floresta e, ao mesmo tempo, proporcionam uma atividade econ\u00f4mica para a popula\u00e7\u00e3o que vive do extrativismo\u201d.<\/p>\n<h2>Amaz\u00f4nia na Times Square<\/h2>\n<p>Durante cinco minutos, a Times Square, \u00e1rea localizada no centro\u00a0de Nova York, foi tomada pela Amaz\u00f4nia. Ao som da voz do\u00a0<em>rapper<\/em>\u00a0ind\u00edgena Guarani MbY\u00e1, Orewa, todas as cores, exuber\u00e2ncia, fauna, flora e cultura do povo da floresta passaram diante dos olhos de centenas de pessoas de todos os cantos do planeta.<\/p>\n<div class=\"dnd-widget-wrapper context-cheio_8colunas type-image\">\n<div class=\"dnd-atom-rendered\">\n<div class=\"shadow overflow-hidden rounded-lg d-block w-100\"><img decoding=\"async\" class=\"flex-fill img-cover lazyload\" title=\"Beptuk Hokrit Metuktire\/Instituto Raoni\" data-src=\"https:\/\/imagens.ebc.com.br\/5NWKhi-DPzn9ActMvPVMOJ4RNAY=\/754x0\/smart\/https:\/\/agenciabrasil.ebc.com.br\/sites\/default\/files\/thumbnails\/image\/img-20230921-aa-wa0069.jpg?itok=RKd6rNs_\" alt=\"Cacique Raoni assiste domina\u00e7\u00e3o dos tel\u00f5es da Times Square em campanha All Amazonia do BB. Foto: Beptuk Hokrit Metuktire\/Instituto Raoni\" src=\"data:image\/svg+xml;base64,PHN2ZyB3aWR0aD0iMSIgaGVpZ2h0PSIxIiB4bWxucz0iaHR0cDovL3d3dy53My5vcmcvMjAwMC9zdmciPjwvc3ZnPg==\" \/><\/div>\n<\/div>\n<div class=\"dnd-caption-wrapper\">\n<div class=\"meta\">Cacique Raoni na\u00a0Times Square, em Nova York, em campanha All Amazonia, do BB &#8211;\u00a0Foto\u00a0<strong>Beptuk Hokrit Metuktire\/Instituto Raoni<\/strong><\/div>\n<\/div>\n<\/div>\n<p>O espet\u00e1culo \u00e9 parte da campanha \u201cSomos All Amaz\u00f4nia\u201d, do Banco do Brasil. Considerado o banco mais sustent\u00e1vel do mundo pela quarta vez, a institui\u00e7\u00e3o dedicou a semana a agendas de neg\u00f3cios focadas no desenvolvimento sustent\u00e1vel,\u00a0na recupera\u00e7\u00e3o e eserva\u00e7\u00e3o ambiental do Brasil.<\/p>\n<p>Entre os compromissos assumidos pelo BB est\u00e3o o incentivo \u00e0 agricultura sustent\u00e1vel e o refor\u00e7o a pr\u00e1ticas que promovam a recupera\u00e7\u00e3o de pastagens e \u00e1reas degradadas, al\u00e9m de assegurar o desmatamento ilegal zero em contratos de financiamento na institui\u00e7\u00e3o.<\/p>\n<p>FONTE: Ag\u00eancia Brasil<\/p>\n<\/div>\n","protected":false},"excerpt":{"rendered":"<p>Linha de cr\u00e9dito foi anunciada pelo Banco do Brasil Iniciativas de bioeconomia e infraestrutura sustent\u00e1vel na Amaz\u00f4nia Legal devem ganhar investimentos de US$ 250 milh\u00f5es&hellip; <\/p>\n","protected":false},"author":6,"featured_media":274976,"comment_status":"closed","ping_status":"closed","sticky":false,"template":"","format":"standard","meta":{"sfsi_plus_gutenberg_text_before_share":"","sfsi_plus_gutenberg_show_text_before_share":"","sfsi_plus_gutenberg_icon_type":"","sfsi_plus_gutenberg_icon_alignemt":"","sfsi_plus_gutenburg_max_per_row":"","footnotes":""},"categories":[50],"tags":[],"class_list":["post-274975","post","type-post","status-publish","format-standard","has-post-thumbnail","hentry","category-destaque"],"_links":{"self":[{"href":"https:\/\/www.caririemacao.com\/1\/wp-json\/wp\/v2\/posts\/274975","targetHints":{"allow":["GET"]}}],"collection":[{"href":"https:\/\/www.caririemacao.com\/1\/wp-json\/wp\/v2\/posts"}],"about":[{"href":"https:\/\/www.caririemacao.com\/1\/wp-json\/wp\/v2\/types\/post"}],"author":[{"embeddable":true,"href":"https:\/\/www.caririemacao.com\/1\/wp-json\/wp\/v2\/users\/6"}],"replies":[{"embeddable":true,"href":"https:\/\/www.caririemacao.com\/1\/wp-json\/wp\/v2\/comments?post=274975"}],"version-history":[{"count":1,"href":"https:\/\/www.caririemacao.com\/1\/wp-json\/wp\/v2\/posts\/274975\/revisions"}],"predecessor-version":[{"id":274977,"href":"https:\/\/www.caririemacao.com\/1\/wp-json\/wp\/v2\/posts\/274975\/revisions\/274977"}],"wp:featuredmedia":[{"embeddable":true,"href":"https:\/\/www.caririemacao.com\/1\/wp-json\/wp\/v2\/media\/274976"}],"wp:attachment":[{"href":"https:\/\/www.caririemacao.com\/1\/wp-json\/wp\/v2\/media?parent=274975"}],"wp:term":[{"taxonomy":"category","embeddable":true,"href":"https:\/\/www.caririemacao.com\/1\/wp-json\/wp\/v2\/categories?post=274975"},{"taxonomy":"post_tag","embeddable":true,"href":"https:\/\/www.caririemacao.com\/1\/wp-json\/wp\/v2\/tags?post=274975"}],"curies":[{"name":"wp","href":"https:\/\/api.w.org\/{rel}","templated":true}]}}