{"id":274983,"date":"2023-09-22T10:37:27","date_gmt":"2023-09-22T13:37:27","guid":{"rendered":"https:\/\/www.caririemacao.com\/1\/?p=274983"},"modified":"2023-09-22T10:37:27","modified_gmt":"2023-09-22T13:37:27","slug":"sao-sebastiao-do-umbuzeiro-vereador-ze-de-dita-propoe-melhorias-para-a-rua-abel-costa-leitao","status":"publish","type":"post","link":"https:\/\/www.caririemacao.com\/1\/2023\/09\/22\/sao-sebastiao-do-umbuzeiro-vereador-ze-de-dita-propoe-melhorias-para-a-rua-abel-costa-leitao\/","title":{"rendered":"S\u00e3o Sebasti\u00e3o do Umbuzeiro: vereador Z\u00e9 de Dita prop\u00f5e melhorias para a rua Abel Costa Leit\u00e3o"},"content":{"rendered":"<p>O vereador Z\u00e9 de Dita, representando a popula\u00e7\u00e3o de S\u00e3o Sebasti\u00e3o do Umbuzeiro, apresentou uma importante indica\u00e7\u00e3o durante a sess\u00e3o ordin\u00e1ria realizada na \u00faltima quinta-feira (21). A proposi\u00e7\u00e3o, de n\u00famero 002\/2023, visa melhorar a infraestrutura e a qualidade de vida dos moradores da Rua Abel Costa Leit\u00e3o.<\/p>\n<p>O vereador Z\u00e9 de Dita solicitou que fossem realizadas reformas nos canteiros da Rua Abel Costa Leit\u00e3o, incluindo a instala\u00e7\u00e3o de bancos e uma ilumina\u00e7\u00e3o adequada. O objetivo dessas melhorias \u00e9 transformar essa \u00e1rea em um espa\u00e7o agrad\u00e1vel e funcional para os moradores da regi\u00e3o.<\/p>\n<p>Durante seu pronunciamento, o parlamentar enfatizou a import\u00e2ncia dessas melhorias para a comunidade local. Ele ressaltou que a instala\u00e7\u00e3o de bancos proporcionar\u00e1 um local de descanso e conv\u00edvio para os moradores, al\u00e9m de tornar a rua mais atrativa.<\/p>\n<p>A ilumina\u00e7\u00e3o adequada tamb\u00e9m \u00e9 um ponto fundamental desta proposta, pois contribuir\u00e1 para a seguran\u00e7a e o bem-estar dos moradores, permitindo que o espa\u00e7o seja utilizado durante a noite com tranquilidade.<\/p>\n<p>O vereador Z\u00e9 de Dita destacou que a indica\u00e7\u00e3o visa atender \u00e0s necessidades da comunidade e melhorar as condi\u00e7\u00f5es de vida dos cidad\u00e3os de S\u00e3o Sebasti\u00e3o do Umbuzeiro. Ele refor\u00e7ou seu compromisso com o desenvolvimento do munic\u00edpio e o bem-estar de seus habitantes.<\/p>\n","protected":false},"excerpt":{"rendered":"<p>O vereador Z\u00e9 de Dita, representando a popula\u00e7\u00e3o de S\u00e3o Sebasti\u00e3o do Umbuzeiro, apresentou uma importante indica\u00e7\u00e3o durante a sess\u00e3o ordin\u00e1ria realizada na \u00faltima quinta-feira&hellip; <\/p>\n","protected":false},"author":6,"featured_media":274985,"comment_status":"closed","ping_status":"closed","sticky":false,"template":"","format":"standard","meta":{"sfsi_plus_gutenberg_text_before_share":"","sfsi_plus_gutenberg_show_text_before_share":"","sfsi_plus_gutenberg_icon_type":"","sfsi_plus_gutenberg_icon_alignemt":"","sfsi_plus_gutenburg_max_per_row":"","footnotes":""},"categories":[50,1,92],"tags":[],"class_list":["post-274983","post","type-post","status-publish","format-standard","has-post-thumbnail","hentry","category-destaque","category-o-site","category-sao-sebastiao-do-umbuzeiro"],"_links":{"self":[{"href":"https:\/\/www.caririemacao.com\/1\/wp-json\/wp\/v2\/posts\/274983","targetHints":{"allow":["GET"]}}],"collection":[{"href":"https:\/\/www.caririemacao.com\/1\/wp-json\/wp\/v2\/posts"}],"about":[{"href":"https:\/\/www.caririemacao.com\/1\/wp-json\/wp\/v2\/types\/post"}],"author":[{"embeddable":true,"href":"https:\/\/www.caririemacao.com\/1\/wp-json\/wp\/v2\/users\/6"}],"replies":[{"embeddable":true,"href":"https:\/\/www.caririemacao.com\/1\/wp-json\/wp\/v2\/comments?post=274983"}],"version-history":[{"count":2,"href":"https:\/\/www.caririemacao.com\/1\/wp-json\/wp\/v2\/posts\/274983\/revisions"}],"predecessor-version":[{"id":274986,"href":"https:\/\/www.caririemacao.com\/1\/wp-json\/wp\/v2\/posts\/274983\/revisions\/274986"}],"wp:featuredmedia":[{"embeddable":true,"href":"https:\/\/www.caririemacao.com\/1\/wp-json\/wp\/v2\/media\/274985"}],"wp:attachment":[{"href":"https:\/\/www.caririemacao.com\/1\/wp-json\/wp\/v2\/media?parent=274983"}],"wp:term":[{"taxonomy":"category","embeddable":true,"href":"https:\/\/www.caririemacao.com\/1\/wp-json\/wp\/v2\/categories?post=274983"},{"taxonomy":"post_tag","embeddable":true,"href":"https:\/\/www.caririemacao.com\/1\/wp-json\/wp\/v2\/tags?post=274983"}],"curies":[{"name":"wp","href":"https:\/\/api.w.org\/{rel}","templated":true}]}}