{"id":274989,"date":"2023-09-22T10:38:53","date_gmt":"2023-09-22T13:38:53","guid":{"rendered":"https:\/\/www.caririemacao.com\/1\/?p=274989"},"modified":"2023-09-22T10:38:53","modified_gmt":"2023-09-22T13:38:53","slug":"rebanho-de-caprinos-no-cariri-paraibano-alcanca-numeros-expressivos-em-2022-e-regiao-se-consolida-no-estado","status":"publish","type":"post","link":"https:\/\/www.caririemacao.com\/1\/2023\/09\/22\/rebanho-de-caprinos-no-cariri-paraibano-alcanca-numeros-expressivos-em-2022-e-regiao-se-consolida-no-estado\/","title":{"rendered":"Rebanho de caprinos no Cariri paraibano alcan\u00e7a n\u00fameros expressivos em 2022 e regi\u00e3o se consolida no estado"},"content":{"rendered":"<p>A cria\u00e7\u00e3o de caprinos tem sido uma atividade econ\u00f4mica de destaque na regi\u00e3o do Cariri paraibano, impulsionando o setor agropecu\u00e1rio do estado. Dados recentes revelam que os rebanhos de caprinos na Para\u00edba registraram um aumento significativo nos \u00faltimos anos, consolidando-se como o quinto maior do pa\u00eds.<\/p>\n<p>De acordo com informa\u00e7\u00f5es da PPM (Pesquisa Pecu\u00e1ria Municipal), o rebanho de caprinos na Para\u00edba saltou de 478 mil cabe\u00e7as em 2013 para impressionantes 796,4 mil em 2022. Isso representa um aumento not\u00e1vel de 66,6% em nove anos. Essa expans\u00e3o torna a Para\u00edba o estado nordestino com maior crescimento no n\u00famero de caprinos.<\/p>\n<p>Em rela\u00e7\u00e3o a 2021, tamb\u00e9m houve um incremento de 4,1% no efetivo de caprinos do estado. Essa evolu\u00e7\u00e3o constante demonstra o potencial do setor caprinovinocultor para a economia paraibana.<\/p>\n<p>No cen\u00e1rio estadual, os munic\u00edpios do Cariri paraibano se destacaram como l\u00edderes na cria\u00e7\u00e3o de caprinos em 2022. Os maiores rebanhos de caprinos foram encontrados em cinco cidades da regi\u00e3o:<\/p>\n<ol>\n<li>Monteiro \u2013 36,9 mil cabe\u00e7as.<\/li>\n<li>S\u00e3o Jo\u00e3o do Tigre \u2013 27,9 mil cabe\u00e7as.<\/li>\n<li>Sum\u00e9 \u2013 27,4 mil cabe\u00e7as.<\/li>\n<li>Serra Branca \u2013 26,4 mil cabe\u00e7as.<\/li>\n<li>S\u00e3o Sebasti\u00e3o do Umbuzeiro \u2013 25 mil cabe\u00e7as.<\/li>\n<\/ol>\n<p>Esses n\u00fameros refletem o comprometimento dos criadores e a voca\u00e7\u00e3o do Cariri paraibano para a caprinovinocultura. Al\u00e9m de fortalecer a economia local, a cria\u00e7\u00e3o de caprinos tamb\u00e9m contribui para a gera\u00e7\u00e3o de empregos e o desenvolvimento sustent\u00e1vel da regi\u00e3o.<\/p>\n","protected":false},"excerpt":{"rendered":"<p>A cria\u00e7\u00e3o de caprinos tem sido uma atividade econ\u00f4mica de destaque na regi\u00e3o do Cariri paraibano, impulsionando o setor agropecu\u00e1rio do estado. Dados recentes revelam&hellip; <\/p>\n","protected":false},"author":6,"featured_media":260003,"comment_status":"closed","ping_status":"closed","sticky":false,"template":"","format":"standard","meta":{"sfsi_plus_gutenberg_text_before_share":"","sfsi_plus_gutenberg_show_text_before_share":"","sfsi_plus_gutenberg_icon_type":"","sfsi_plus_gutenberg_icon_alignemt":"","sfsi_plus_gutenburg_max_per_row":"","footnotes":""},"categories":[106,50],"tags":[],"class_list":["post-274989","post","type-post","status-publish","format-standard","has-post-thumbnail","hentry","category-cariri","category-destaque"],"_links":{"self":[{"href":"https:\/\/www.caririemacao.com\/1\/wp-json\/wp\/v2\/posts\/274989","targetHints":{"allow":["GET"]}}],"collection":[{"href":"https:\/\/www.caririemacao.com\/1\/wp-json\/wp\/v2\/posts"}],"about":[{"href":"https:\/\/www.caririemacao.com\/1\/wp-json\/wp\/v2\/types\/post"}],"author":[{"embeddable":true,"href":"https:\/\/www.caririemacao.com\/1\/wp-json\/wp\/v2\/users\/6"}],"replies":[{"embeddable":true,"href":"https:\/\/www.caririemacao.com\/1\/wp-json\/wp\/v2\/comments?post=274989"}],"version-history":[{"count":1,"href":"https:\/\/www.caririemacao.com\/1\/wp-json\/wp\/v2\/posts\/274989\/revisions"}],"predecessor-version":[{"id":274990,"href":"https:\/\/www.caririemacao.com\/1\/wp-json\/wp\/v2\/posts\/274989\/revisions\/274990"}],"wp:featuredmedia":[{"embeddable":true,"href":"https:\/\/www.caririemacao.com\/1\/wp-json\/wp\/v2\/media\/260003"}],"wp:attachment":[{"href":"https:\/\/www.caririemacao.com\/1\/wp-json\/wp\/v2\/media?parent=274989"}],"wp:term":[{"taxonomy":"category","embeddable":true,"href":"https:\/\/www.caririemacao.com\/1\/wp-json\/wp\/v2\/categories?post=274989"},{"taxonomy":"post_tag","embeddable":true,"href":"https:\/\/www.caririemacao.com\/1\/wp-json\/wp\/v2\/tags?post=274989"}],"curies":[{"name":"wp","href":"https:\/\/api.w.org\/{rel}","templated":true}]}}