{"id":274991,"date":"2023-09-22T12:20:04","date_gmt":"2023-09-22T15:20:04","guid":{"rendered":"https:\/\/www.caririemacao.com\/1\/?p=274991"},"modified":"2023-09-22T12:20:04","modified_gmt":"2023-09-22T15:20:04","slug":"efraim-prestigia-nova-diretoria-da-aspeca-e-fala-sobre-a-reforma-tributaria","status":"publish","type":"post","link":"https:\/\/www.caririemacao.com\/1\/2023\/09\/22\/efraim-prestigia-nova-diretoria-da-aspeca-e-fala-sobre-a-reforma-tributaria\/","title":{"rendered":"Efraim prestigia nova diretoria da Aspeca e fala sobre a Reforma Tribut\u00e1ria"},"content":{"rendered":"<p>O l\u00edder do Uni\u00e3o Brasil no Senado, Efraim Filho, esteve na Associa\u00e7\u00e3o Paraibana dos Engenhos de Cacha\u00e7a de Alambique \u2013 Aspeca, na quinta-feira (21\/09), para a solenidade de posse do seu novo diretor, o empres\u00e1rio Andr\u00e9 Amaral Filho, propriet\u00e1rio do Engenho Don Amaral, em Alagoa Grande, munic\u00edpio do Brejo paraibano. A solenidade contou com a presen\u00e7a do suplente de Senador Andr\u00e9 Amaral, do Deputado Estadual George Morais (Uni\u00e3o\/ PB), convidados e empres\u00e1rios locais do ramo.<\/p>\n<p>Segundo Amaral, entre seus objetivos \u00e0 frente da Aspeca, est\u00e1 o fortalecimento da marca Cacha\u00e7as da Para\u00edba, e a viabiliza\u00e7\u00e3o de linhas de cr\u00e9dito para que os engenhos se modernizem. Ele tamb\u00e9m destacou a import\u00e2ncia da uni\u00e3o entre os produtores.<\/p>\n<p>Efraim parabenizou o amigo, afirmando que a entidade representa o setor produtivo que mais tem se destacado na contribui\u00e7\u00e3o do desenvolvimento da Para\u00edba. \u201cO estado \u00e9 um dos maiores produtores de cacha\u00e7a de alambique do pa\u00eds e o setor canavieiro \u00e9 um dos que mais emprega. A Aspeca tem como objetivo promover a cacha\u00e7a de alambique da Para\u00edba e contribuir para a sua valoriza\u00e7\u00e3o, desejo sucesso nesta caminhada\u201d, declarou.<\/p>\n<p><strong>Reforma Tribut\u00e1ria<\/strong><\/p>\n<p>Na ocasi\u00e3o, Efraim, que \u00e9 coordenador do grupo de trabalho sobre Reforma Tribut\u00e1ria da Comiss\u00e3o de Assuntos Econ\u00f4micos do Senado, realizou uma palestra sobre o tema.<\/p>\n<p>\u201c\u00c9 preciso fazer uma reforma tribut\u00e1ria n\u00e3o pelo olhar do Governo. \u00c9 por isso que essa reforma tribut\u00e1ria nunca aconteceu no Brasil, na minha modesta concep\u00e7\u00e3o: porque sempre se tentou viabilizar uma reforma tribut\u00e1ria pelo olhar dos Governos. Vai-se conseguir aprovar reforma tribut\u00e1ria se ela vier sob o olhar de quem produz, de quem ali sua o rosto, arrega\u00e7a a manga da camisa, est\u00e1 l\u00e1 nos pequenos, micro e m\u00e9dios neg\u00f3cios pelas ruas do Brasil\u201d, disse.<\/p>\n","protected":false},"excerpt":{"rendered":"<p>O l\u00edder do Uni\u00e3o Brasil no Senado, Efraim Filho, esteve na Associa\u00e7\u00e3o Paraibana dos Engenhos de Cacha\u00e7a de Alambique \u2013 Aspeca, na quinta-feira (21\/09), para&hellip; <\/p>\n","protected":false},"author":6,"featured_media":274992,"comment_status":"closed","ping_status":"closed","sticky":false,"template":"","format":"standard","meta":{"sfsi_plus_gutenberg_text_before_share":"","sfsi_plus_gutenberg_show_text_before_share":"","sfsi_plus_gutenberg_icon_type":"","sfsi_plus_gutenberg_icon_alignemt":"","sfsi_plus_gutenburg_max_per_row":"","footnotes":""},"categories":[50,104],"tags":[],"class_list":["post-274991","post","type-post","status-publish","format-standard","has-post-thumbnail","hentry","category-destaque","category-paraiba"],"_links":{"self":[{"href":"https:\/\/www.caririemacao.com\/1\/wp-json\/wp\/v2\/posts\/274991","targetHints":{"allow":["GET"]}}],"collection":[{"href":"https:\/\/www.caririemacao.com\/1\/wp-json\/wp\/v2\/posts"}],"about":[{"href":"https:\/\/www.caririemacao.com\/1\/wp-json\/wp\/v2\/types\/post"}],"author":[{"embeddable":true,"href":"https:\/\/www.caririemacao.com\/1\/wp-json\/wp\/v2\/users\/6"}],"replies":[{"embeddable":true,"href":"https:\/\/www.caririemacao.com\/1\/wp-json\/wp\/v2\/comments?post=274991"}],"version-history":[{"count":1,"href":"https:\/\/www.caririemacao.com\/1\/wp-json\/wp\/v2\/posts\/274991\/revisions"}],"predecessor-version":[{"id":274993,"href":"https:\/\/www.caririemacao.com\/1\/wp-json\/wp\/v2\/posts\/274991\/revisions\/274993"}],"wp:featuredmedia":[{"embeddable":true,"href":"https:\/\/www.caririemacao.com\/1\/wp-json\/wp\/v2\/media\/274992"}],"wp:attachment":[{"href":"https:\/\/www.caririemacao.com\/1\/wp-json\/wp\/v2\/media?parent=274991"}],"wp:term":[{"taxonomy":"category","embeddable":true,"href":"https:\/\/www.caririemacao.com\/1\/wp-json\/wp\/v2\/categories?post=274991"},{"taxonomy":"post_tag","embeddable":true,"href":"https:\/\/www.caririemacao.com\/1\/wp-json\/wp\/v2\/tags?post=274991"}],"curies":[{"name":"wp","href":"https:\/\/api.w.org\/{rel}","templated":true}]}}