{"id":274994,"date":"2023-09-22T12:21:38","date_gmt":"2023-09-22T15:21:38","guid":{"rendered":"https:\/\/www.caririemacao.com\/1\/?p=274994"},"modified":"2023-09-22T12:21:38","modified_gmt":"2023-09-22T15:21:38","slug":"famup-demonstra-preocupacao-com-mais-uma-queda-no-repasse-do-fpm-de-setembro","status":"publish","type":"post","link":"https:\/\/www.caririemacao.com\/1\/2023\/09\/22\/famup-demonstra-preocupacao-com-mais-uma-queda-no-repasse-do-fpm-de-setembro\/","title":{"rendered":"Famup demonstra preocupa\u00e7\u00e3o com mais uma queda no repasse do FPM de setembro"},"content":{"rendered":"<p>A Federa\u00e7\u00e3o das Associa\u00e7\u00f5es de Munic\u00edpios da Para\u00edba (Famup) manifestou, por meio de nota, preocupa\u00e7\u00e3o com as constantes quedas nos repasses do Fundo de Participa\u00e7\u00e3o dos Munic\u00edpios (FPM). As redu\u00e7\u00f5es ocorridas nos meses de julho e agosto, se repetem em setembro, chegando a 24,43%. A situa\u00e7\u00e3o tem gerado um grande impacto nas finan\u00e7as municipais, comprometendo o pagamento da folha de pessoal, a manuten\u00e7\u00e3o de servi\u00e7os essenciais e at\u00e9 o repasse do duod\u00e9cimo para as C\u00e2maras Municipais.<\/p>\n<p><strong>Nota<\/strong><\/p>\n<p>A Famup expressa profunda preocupa\u00e7\u00e3o com a continuidade de queda nos repasses do Fundo de Participa\u00e7\u00e3o dos Munic\u00edpios (FPM) no m\u00eas de setembro, repetindo o que aconteceu nos meses de julho e agosto. A redu\u00e7\u00e3o de setembro j\u00e1 chega a 24,43% em compara\u00e7\u00e3o ao mesmo per\u00edodo de 2022.<\/p>\n<p>A situa\u00e7\u00e3o compromete a capacidade das prefeituras de honrar compromissos e pagar pessoal. Apesar do di\u00e1logo com o Governo Federal e Congresso, nenhum repasse para compensar as perdas foi efetuado.<\/p>\n<p>Neste contexto, os munic\u00edpios da Para\u00edba encontram-se em uma situa\u00e7\u00e3o financeira extremamente delicada, o que pode resultar na suspens\u00e3o de servi\u00e7os essenciais \u00e0 popula\u00e7\u00e3o e na necessidade de demiss\u00f5es em larga escala, sem mencionar a dificuldade das cidades para repassar os valores para as C\u00e2maras Municipais.<\/p>\n<p>A Famup refor\u00e7a a urg\u00eancia e a necessidade de uma a\u00e7\u00e3o imediata para socorrer os munic\u00edpios em crise financeira, atualizar programas federais defasados e promover um novo pacto federativo.<\/p>\n<p>Continuaremos mobilizando esfor\u00e7os em busca de solu\u00e7\u00f5es. Junto com a CNM e associa\u00e7\u00f5es de outros estados, organizamos uma mobiliza\u00e7\u00e3o de prefeitos em Bras\u00edlia nos dias 3 e 4 de outubro em busca de respostas efetivas.<\/p>\n","protected":false},"excerpt":{"rendered":"<p>A Federa\u00e7\u00e3o das Associa\u00e7\u00f5es de Munic\u00edpios da Para\u00edba (Famup) manifestou, por meio de nota, preocupa\u00e7\u00e3o com as constantes quedas nos repasses do Fundo de Participa\u00e7\u00e3o&hellip; <\/p>\n","protected":false},"author":6,"featured_media":274995,"comment_status":"closed","ping_status":"closed","sticky":false,"template":"","format":"standard","meta":{"sfsi_plus_gutenberg_text_before_share":"","sfsi_plus_gutenberg_show_text_before_share":"","sfsi_plus_gutenberg_icon_type":"","sfsi_plus_gutenberg_icon_alignemt":"","sfsi_plus_gutenburg_max_per_row":"","footnotes":""},"categories":[50,104],"tags":[],"class_list":["post-274994","post","type-post","status-publish","format-standard","has-post-thumbnail","hentry","category-destaque","category-paraiba"],"_links":{"self":[{"href":"https:\/\/www.caririemacao.com\/1\/wp-json\/wp\/v2\/posts\/274994","targetHints":{"allow":["GET"]}}],"collection":[{"href":"https:\/\/www.caririemacao.com\/1\/wp-json\/wp\/v2\/posts"}],"about":[{"href":"https:\/\/www.caririemacao.com\/1\/wp-json\/wp\/v2\/types\/post"}],"author":[{"embeddable":true,"href":"https:\/\/www.caririemacao.com\/1\/wp-json\/wp\/v2\/users\/6"}],"replies":[{"embeddable":true,"href":"https:\/\/www.caririemacao.com\/1\/wp-json\/wp\/v2\/comments?post=274994"}],"version-history":[{"count":1,"href":"https:\/\/www.caririemacao.com\/1\/wp-json\/wp\/v2\/posts\/274994\/revisions"}],"predecessor-version":[{"id":274996,"href":"https:\/\/www.caririemacao.com\/1\/wp-json\/wp\/v2\/posts\/274994\/revisions\/274996"}],"wp:featuredmedia":[{"embeddable":true,"href":"https:\/\/www.caririemacao.com\/1\/wp-json\/wp\/v2\/media\/274995"}],"wp:attachment":[{"href":"https:\/\/www.caririemacao.com\/1\/wp-json\/wp\/v2\/media?parent=274994"}],"wp:term":[{"taxonomy":"category","embeddable":true,"href":"https:\/\/www.caririemacao.com\/1\/wp-json\/wp\/v2\/categories?post=274994"},{"taxonomy":"post_tag","embeddable":true,"href":"https:\/\/www.caririemacao.com\/1\/wp-json\/wp\/v2\/tags?post=274994"}],"curies":[{"name":"wp","href":"https:\/\/api.w.org\/{rel}","templated":true}]}}