{"id":274997,"date":"2023-09-22T12:24:19","date_gmt":"2023-09-22T15:24:19","guid":{"rendered":"https:\/\/www.caririemacao.com\/1\/?p=274997"},"modified":"2023-09-22T12:24:19","modified_gmt":"2023-09-22T15:24:19","slug":"murilo-galdino-protocola-projeto-que-confere-o-titulo-de-capital-nacional-das-redes-a-sao-bento","status":"publish","type":"post","link":"https:\/\/www.caririemacao.com\/1\/2023\/09\/22\/murilo-galdino-protocola-projeto-que-confere-o-titulo-de-capital-nacional-das-redes-a-sao-bento\/","title":{"rendered":"Murilo Galdino protocola projeto que confere o t\u00edtulo de Capital Nacional das Redes a S\u00e3o Bento"},"content":{"rendered":"<p>O deputado federal Murilo Galdino (Republicanos-PB) protocolou o PL n\u00ba 4533\/2023 que concede ao munic\u00edpio de S\u00e3o Bento, o t\u00edtulo de Capital Nacional das Redes e reconhece a fabrica\u00e7\u00e3o de redes no munic\u00edpio como manifesta\u00e7\u00e3o da cultura nacional. Atualmente, a cidade produz mais de 12 milh\u00f5es de redes por ano.<\/p>\n<p>O munic\u00edpio paraibano localizado a 375 quil\u00f4metros da capital do estado, Jo\u00e3o Pessoa, \u00e9 a maior produtora de redes de dormir do Brasil e um dos principais polos de produ\u00e7\u00e3o e distribui\u00e7\u00e3o do setor t\u00eaxtil de todo o Nordeste, sendo respons\u00e1vel pelo emprego de aproximadamente 80% da m\u00e3o de obra local.<\/p>\n<p>S\u00e3o Bento ocupa o terceiro lugar em volume de postagem do estado atrav\u00e9s da empresa Brasileira de Correios e Tel\u00e9grafos, escoando a produ\u00e7\u00e3o ampliada pelo com\u00e9rcio eletr\u00f4nico.<\/p>\n<p>De acordo com Murilo o volume de produ\u00e7\u00e3o, a pujan\u00e7a do polo t\u00eaxtil e a import\u00e2ncia econ\u00f4mica e social da atividade s\u00e3o alguns dos principais motivos para que a cidade receba o t\u00edtulo. \u201cEstamos certos de que mais que representar uma homenagem \u00e0 popula\u00e7\u00e3o que pertence \u00e0 categoria dos redeiros, a implementa\u00e7\u00e3o desta iniciativa contribuir\u00e1 para que a cidade seja conhecida em todo o pa\u00eds, favorecendo novos investimentos produtivos, com todas as consequ\u00eancias ben\u00e9ficas, em termos de riqueza e trabalho\u201d.<\/p>\n<p>O Projeto de Lei tamb\u00e9m reconhece a fabrica\u00e7\u00e3o de redes em S\u00e3o Bento como manifesta\u00e7\u00e3o da cultura nacional. \u201cO fato de sua elabora\u00e7\u00e3o transcorrer, em grande medida, de forma artesanal e o reposit\u00f3rio de tradi\u00e7\u00f5es presentes nessa atividade \u00e9 um exemplo perfeito da cultura secular que se transmite de gera\u00e7\u00e3o a gera\u00e7\u00e3o, merecendo, por isso, essa justa homenagem\u201d.<\/p>\n","protected":false},"excerpt":{"rendered":"<p>O deputado federal Murilo Galdino (Republicanos-PB) protocolou o PL n\u00ba 4533\/2023 que concede ao munic\u00edpio de S\u00e3o Bento, o t\u00edtulo de Capital Nacional das Redes&hellip; <\/p>\n","protected":false},"author":6,"featured_media":274998,"comment_status":"closed","ping_status":"closed","sticky":false,"template":"","format":"standard","meta":{"sfsi_plus_gutenberg_text_before_share":"","sfsi_plus_gutenberg_show_text_before_share":"","sfsi_plus_gutenberg_icon_type":"","sfsi_plus_gutenberg_icon_alignemt":"","sfsi_plus_gutenburg_max_per_row":"","footnotes":""},"categories":[50,104],"tags":[],"class_list":["post-274997","post","type-post","status-publish","format-standard","has-post-thumbnail","hentry","category-destaque","category-paraiba"],"_links":{"self":[{"href":"https:\/\/www.caririemacao.com\/1\/wp-json\/wp\/v2\/posts\/274997","targetHints":{"allow":["GET"]}}],"collection":[{"href":"https:\/\/www.caririemacao.com\/1\/wp-json\/wp\/v2\/posts"}],"about":[{"href":"https:\/\/www.caririemacao.com\/1\/wp-json\/wp\/v2\/types\/post"}],"author":[{"embeddable":true,"href":"https:\/\/www.caririemacao.com\/1\/wp-json\/wp\/v2\/users\/6"}],"replies":[{"embeddable":true,"href":"https:\/\/www.caririemacao.com\/1\/wp-json\/wp\/v2\/comments?post=274997"}],"version-history":[{"count":1,"href":"https:\/\/www.caririemacao.com\/1\/wp-json\/wp\/v2\/posts\/274997\/revisions"}],"predecessor-version":[{"id":274999,"href":"https:\/\/www.caririemacao.com\/1\/wp-json\/wp\/v2\/posts\/274997\/revisions\/274999"}],"wp:featuredmedia":[{"embeddable":true,"href":"https:\/\/www.caririemacao.com\/1\/wp-json\/wp\/v2\/media\/274998"}],"wp:attachment":[{"href":"https:\/\/www.caririemacao.com\/1\/wp-json\/wp\/v2\/media?parent=274997"}],"wp:term":[{"taxonomy":"category","embeddable":true,"href":"https:\/\/www.caririemacao.com\/1\/wp-json\/wp\/v2\/categories?post=274997"},{"taxonomy":"post_tag","embeddable":true,"href":"https:\/\/www.caririemacao.com\/1\/wp-json\/wp\/v2\/tags?post=274997"}],"curies":[{"name":"wp","href":"https:\/\/api.w.org\/{rel}","templated":true}]}}