{"id":275002,"date":"2023-09-22T14:43:30","date_gmt":"2023-09-22T17:43:30","guid":{"rendered":"https:\/\/www.caririemacao.com\/1\/?p=275002"},"modified":"2023-09-22T14:43:30","modified_gmt":"2023-09-22T17:43:30","slug":"moradores-criam-campanha-para-ajudar-familia-que-teve-casa-destruida-em-incendio-em-monteiro","status":"publish","type":"post","link":"https:\/\/www.caririemacao.com\/1\/2023\/09\/22\/moradores-criam-campanha-para-ajudar-familia-que-teve-casa-destruida-em-incendio-em-monteiro\/","title":{"rendered":"Moradores criam campanha para ajudar fam\u00edlia que teve casa destru\u00edda em inc\u00eandio em Monteiro"},"content":{"rendered":"<p>Moradores da cidade de Monteiro,\u00a0no Cariri Paraibano, criaram uma campanha nas redes sociais para ajudar uma fam\u00edlia que perdeu a maior parte de seus bens em um\u00a0inc\u00eandio\u00a0na noite de quinta-feira (22).<\/p>\n<p>Na casa residem a Professora Ysla Gabriela dos Santos Ribeiro (Tia Gabi) e seu esposo caminhoneiro e seus dois filhos menores de idade um de um ano e outro de 10 anos.<\/p>\n<p><strong>Quem tiver interesse em ajudar pode realiza a doa\u00e7\u00e3o atrav\u00e9s do PIX:<\/strong><\/p>\n<p><strong>Chave PIX: 83999164598 OU 09372238406 (YSLA GABRIELA DOS SANTOS RIBEIRO)<\/strong><\/p>\n<figure class=\"wp-block-gallery has-nested-images columns-default is-cropped wp-block-gallery-1 is-layout-flex wp-block-gallery-is-layout-flex\">\n<figure class=\"wp-block-image size-large\"><img fetchpriority=\"high\" decoding=\"async\" class=\"wp-image-125522\" src=\"https:\/\/deolhonocariri.com.br\/wp-content\/uploads\/2023\/09\/381261283_1463483331118567_6660811334635854702_n-582x1024.jpg\" sizes=\"(max-width: 582px) 100vw, 582px\" srcset=\"https:\/\/deolhonocariri.com.br\/wp-content\/uploads\/2023\/09\/381261283_1463483331118567_6660811334635854702_n-582x1024.jpg 582w, https:\/\/deolhonocariri.com.br\/wp-content\/uploads\/2023\/09\/381261283_1463483331118567_6660811334635854702_n-341x600.jpg 341w, https:\/\/deolhonocariri.com.br\/wp-content\/uploads\/2023\/09\/381261283_1463483331118567_6660811334635854702_n-228x400.jpg 228w, https:\/\/deolhonocariri.com.br\/wp-content\/uploads\/2023\/09\/381261283_1463483331118567_6660811334635854702_n-768x1350.jpg 768w, https:\/\/deolhonocariri.com.br\/wp-content\/uploads\/2023\/09\/381261283_1463483331118567_6660811334635854702_n-874x1536.jpg 874w, https:\/\/deolhonocariri.com.br\/wp-content\/uploads\/2023\/09\/381261283_1463483331118567_6660811334635854702_n.jpg 910w\" alt=\"\" width=\"582\" height=\"1024\" data-id=\"125522\" \/><\/figure>\n<\/figure>\n<p><strong>ENTENDA O CASO<\/strong><\/p>\n<p>Um inc\u00eandio foi registrado na noite desta quinta-feira (21) em uma casa localizada pr\u00f3ximo a quadra de esportes de Bonivan, as margens da BR-412, em Monteiro no Cariri.<\/p>\n<p>De acordo com informa\u00e7\u00f5es, populares com um carro Pipa, controlaram inc\u00eandio. Ainda de acordo com relatos, ningu\u00e9m ficou ferido, e a resid\u00eancia pertence a uma professora e um caminhoneiro. A fam\u00edlia n\u00e3o estava na resid\u00eancia no momento do inc\u00eandio. N\u00e3o se sabe ao certo as causas do inc\u00eandio.<\/p>\n<p>&nbsp;<\/p>\n<p><strong>CARIRI EM A\u00c7\u00c3O<\/strong><\/p>\n<p><em>Com O Pipoco<\/em><\/p>\n","protected":false},"excerpt":{"rendered":"<p>Moradores da cidade de Monteiro,\u00a0no Cariri Paraibano, criaram uma campanha nas redes sociais para ajudar uma fam\u00edlia que perdeu a maior parte de seus bens&hellip; <\/p>\n","protected":false},"author":6,"featured_media":275003,"comment_status":"closed","ping_status":"closed","sticky":false,"template":"","format":"standard","meta":{"sfsi_plus_gutenberg_text_before_share":"","sfsi_plus_gutenberg_show_text_before_share":"","sfsi_plus_gutenberg_icon_type":"","sfsi_plus_gutenberg_icon_alignemt":"","sfsi_plus_gutenburg_max_per_row":"","footnotes":""},"categories":[50,81],"tags":[],"class_list":["post-275002","post","type-post","status-publish","format-standard","has-post-thumbnail","hentry","category-destaque","category-monteiro"],"_links":{"self":[{"href":"https:\/\/www.caririemacao.com\/1\/wp-json\/wp\/v2\/posts\/275002","targetHints":{"allow":["GET"]}}],"collection":[{"href":"https:\/\/www.caririemacao.com\/1\/wp-json\/wp\/v2\/posts"}],"about":[{"href":"https:\/\/www.caririemacao.com\/1\/wp-json\/wp\/v2\/types\/post"}],"author":[{"embeddable":true,"href":"https:\/\/www.caririemacao.com\/1\/wp-json\/wp\/v2\/users\/6"}],"replies":[{"embeddable":true,"href":"https:\/\/www.caririemacao.com\/1\/wp-json\/wp\/v2\/comments?post=275002"}],"version-history":[{"count":1,"href":"https:\/\/www.caririemacao.com\/1\/wp-json\/wp\/v2\/posts\/275002\/revisions"}],"predecessor-version":[{"id":275004,"href":"https:\/\/www.caririemacao.com\/1\/wp-json\/wp\/v2\/posts\/275002\/revisions\/275004"}],"wp:featuredmedia":[{"embeddable":true,"href":"https:\/\/www.caririemacao.com\/1\/wp-json\/wp\/v2\/media\/275003"}],"wp:attachment":[{"href":"https:\/\/www.caririemacao.com\/1\/wp-json\/wp\/v2\/media?parent=275002"}],"wp:term":[{"taxonomy":"category","embeddable":true,"href":"https:\/\/www.caririemacao.com\/1\/wp-json\/wp\/v2\/categories?post=275002"},{"taxonomy":"post_tag","embeddable":true,"href":"https:\/\/www.caririemacao.com\/1\/wp-json\/wp\/v2\/tags?post=275002"}],"curies":[{"name":"wp","href":"https:\/\/api.w.org\/{rel}","templated":true}]}}