{"id":275005,"date":"2023-09-22T14:49:55","date_gmt":"2023-09-22T17:49:55","guid":{"rendered":"https:\/\/www.caririemacao.com\/1\/?p=275005"},"modified":"2023-09-22T14:49:55","modified_gmt":"2023-09-22T17:49:55","slug":"santo-andre-promove-seminario-do-programa-municipal-de-sementes-crioulas-da-paixao","status":"publish","type":"post","link":"https:\/\/www.caririemacao.com\/1\/2023\/09\/22\/santo-andre-promove-seminario-do-programa-municipal-de-sementes-crioulas-da-paixao\/","title":{"rendered":"Santo Andr\u00e9 promove semin\u00e1rio do Programa Municipal de Sementes Crioulas da Paix\u00e3o"},"content":{"rendered":"<p>Santo Andr\u00e9, no Cariri da Para\u00edba, promoveu nesta quinta-feira (21), na zona rural, o semin\u00e1rio do Programa Municipal de Sementes Crioulas da Paix\u00e3o.<\/p>\n<p>O evento voltado para a agricultura familiar, mobilizou um di\u00e1logo entre os agricultores e secret\u00e1rios presentes e a apresenta\u00e7\u00e3o dos resultados do projeto em Santo Andr\u00e9.<\/p>\n<p>A atividade teve in\u00edcio com a visita ao Campo de Multiplica\u00e7\u00e3o de Sementes Crioulas da Paix\u00e3o, localizada na comunidade Pau Ca\u00eddo, onde puderam observar o milho j\u00e1 seco e a debulha do alimento.<\/p>\n<p>De acordo com o secret\u00e1rio Municipal de agricultura de Santo Andr\u00e9, o projeto foi implantado no ano de 2021 e a cada dia vem se fortalecendo.<\/p>\n<p>Ele afirma que a Gest\u00e3o Um Novo Tempo, que tem a frente o prefeito, Edglei Amorim (Progressistas), est\u00e1 comprometida em produzir sementes e entregar aos agricultores e agricultoras do munic\u00edpio.<\/p>\n<p>Alrx manifesta sua gratid\u00e3o a visita e contribui\u00e7\u00e3o enriquecedora do secret\u00e1rio de Estado da Agricultura Familiar e Desenvolvimento do Semi-\u00c1rido, Bivar Duda.<\/p>\n<p>&#8220;Queremos continuar multiplicando e, claro, firmar novas parcerias para a produ\u00e7\u00e3o de mais sementes livres de transg\u00eanicos&#8221;, disse.<\/p>\n<p>&#8220;Estou admirado com o trabalho desenvolvido na cidade. Parabenizo em nome do prefeito Edglei Amorim toda a gest\u00e3o pela iniciativa, e que ela inspire mais munic\u00edpios a abra\u00e7arem esse projeto para ampliar o desenvolvimento da nossa agricultura&#8221;, disse Bivar.<\/p>\n<p>Al\u00e9m do secret\u00e1rio executivo da Secretaria de Agricultura Familiar e Desenvolvimento do Semi\u00e1rido da Para\u00edba, Bivar Duda, foram recepcionados tamb\u00e9m, o secret\u00e1rio de Agricultura de Juazeirinho, Papoula, e de diversas lideran\u00e7as do Coletivo Regional das Organiza\u00e7\u00f5es da Agricultura Familiar, assim como contou com a presen\u00e7a dos secret\u00e1rios de Agricultura, Alex Barbosa, de Finan\u00e7as, Rosenildo Alves, e do Meio Ambiente, Marcelino Cavalcante, de agricultores e da equipe t\u00e9cnica do setor em nosso munic\u00edpio.<\/p>\n<p>&nbsp;<\/p>\n<p><img decoding=\"async\" data-src=\"https:\/\/helenolima.com\/envios\/2023\/09\/22\/015dd2427e50e41adb1e9093806314855d46f52d.jpg\" width=\"1000\" src=\"data:image\/svg+xml;base64,PHN2ZyB3aWR0aD0iMSIgaGVpZ2h0PSIxIiB4bWxucz0iaHR0cDovL3d3dy53My5vcmcvMjAwMC9zdmciPjwvc3ZnPg==\" class=\"lazyload\" \/><\/p>\n<p><img decoding=\"async\" data-src=\"https:\/\/helenolima.com\/envios\/2023\/09\/22\/d14794ac9f8b87a3a031226a6e531f67676f64aa.jpg\" width=\"1000\" src=\"data:image\/svg+xml;base64,PHN2ZyB3aWR0aD0iMSIgaGVpZ2h0PSIxIiB4bWxucz0iaHR0cDovL3d3dy53My5vcmcvMjAwMC9zdmciPjwvc3ZnPg==\" class=\"lazyload\" \/><\/p>\n<p><img decoding=\"async\" data-src=\"https:\/\/helenolima.com\/envios\/2023\/09\/22\/fd887a36bb855cade62f14115b6becb28d547e48.jpg\" width=\"1000\" src=\"data:image\/svg+xml;base64,PHN2ZyB3aWR0aD0iMSIgaGVpZ2h0PSIxIiB4bWxucz0iaHR0cDovL3d3dy53My5vcmcvMjAwMC9zdmciPjwvc3ZnPg==\" class=\"lazyload\" \/><\/p>\n<p><img decoding=\"async\" data-src=\"https:\/\/helenolima.com\/envios\/2023\/09\/22\/98bc9283da4d4c9f45fd64aa91d74990eae53305.jpg\" width=\"1000\" src=\"data:image\/svg+xml;base64,PHN2ZyB3aWR0aD0iMSIgaGVpZ2h0PSIxIiB4bWxucz0iaHR0cDovL3d3dy53My5vcmcvMjAwMC9zdmciPjwvc3ZnPg==\" class=\"lazyload\" \/><\/p>\n<p><img decoding=\"async\" data-src=\"https:\/\/helenolima.com\/envios\/2023\/09\/22\/cd86ed3d194eb496c5be76e36a25f1a3519a5453.jpg\" width=\"1000\" src=\"data:image\/svg+xml;base64,PHN2ZyB3aWR0aD0iMSIgaGVpZ2h0PSIxIiB4bWxucz0iaHR0cDovL3d3dy53My5vcmcvMjAwMC9zdmciPjwvc3ZnPg==\" class=\"lazyload\" \/><\/p>\n<p><img decoding=\"async\" data-src=\"https:\/\/helenolima.com\/envios\/2023\/09\/22\/3a6c1baf1f2aecb32583cc5d566ced6e58e45777.jpg\" width=\"1000\" src=\"data:image\/svg+xml;base64,PHN2ZyB3aWR0aD0iMSIgaGVpZ2h0PSIxIiB4bWxucz0iaHR0cDovL3d3dy53My5vcmcvMjAwMC9zdmciPjwvc3ZnPg==\" class=\"lazyload\" \/><\/p>\n<p><img decoding=\"async\" data-src=\"https:\/\/helenolima.com\/envios\/2023\/09\/22\/856eb2f4a9744349ad044a05b0b759bd6c5d9c14.jpg\" width=\"1000\" src=\"data:image\/svg+xml;base64,PHN2ZyB3aWR0aD0iMSIgaGVpZ2h0PSIxIiB4bWxucz0iaHR0cDovL3d3dy53My5vcmcvMjAwMC9zdmciPjwvc3ZnPg==\" class=\"lazyload\" \/><\/p>\n<p><img decoding=\"async\" data-src=\"https:\/\/helenolima.com\/envios\/2023\/09\/22\/8d76ca2389428cd5697db189f2746672bfcce441.jpg\" width=\"1000\" src=\"data:image\/svg+xml;base64,PHN2ZyB3aWR0aD0iMSIgaGVpZ2h0PSIxIiB4bWxucz0iaHR0cDovL3d3dy53My5vcmcvMjAwMC9zdmciPjwvc3ZnPg==\" class=\"lazyload\" \/><\/p>\n<p><img decoding=\"async\" data-src=\"https:\/\/helenolima.com\/envios\/2023\/09\/22\/327e6172530a282f848b3c43282b7c2ccc7093d3.jpg\" width=\"1000\" src=\"data:image\/svg+xml;base64,PHN2ZyB3aWR0aD0iMSIgaGVpZ2h0PSIxIiB4bWxucz0iaHR0cDovL3d3dy53My5vcmcvMjAwMC9zdmciPjwvc3ZnPg==\" class=\"lazyload\" \/><\/p>\n<p><img decoding=\"async\" data-src=\"https:\/\/helenolima.com\/envios\/2023\/09\/22\/4bab1f2a8b6ad7c39d3077a76d2d93228a0153a7.jpg\" width=\"1000\" src=\"data:image\/svg+xml;base64,PHN2ZyB3aWR0aD0iMSIgaGVpZ2h0PSIxIiB4bWxucz0iaHR0cDovL3d3dy53My5vcmcvMjAwMC9zdmciPjwvc3ZnPg==\" class=\"lazyload\" \/><\/p>\n<p><img decoding=\"async\" data-src=\"https:\/\/helenolima.com\/envios\/2023\/09\/22\/e1f58cff6c53cb5ae0e9a6dda014f7622cb967cd.jpg\" width=\"1000\" src=\"data:image\/svg+xml;base64,PHN2ZyB3aWR0aD0iMSIgaGVpZ2h0PSIxIiB4bWxucz0iaHR0cDovL3d3dy53My5vcmcvMjAwMC9zdmciPjwvc3ZnPg==\" class=\"lazyload\" \/><\/p>\n<p><img decoding=\"async\" data-src=\"https:\/\/helenolima.com\/envios\/2023\/09\/22\/4fdc7974e3e9636aa7d1e201cb3700a3397b424b.jpg\" width=\"1000\" src=\"data:image\/svg+xml;base64,PHN2ZyB3aWR0aD0iMSIgaGVpZ2h0PSIxIiB4bWxucz0iaHR0cDovL3d3dy53My5vcmcvMjAwMC9zdmciPjwvc3ZnPg==\" class=\"lazyload\" \/><\/p>\n<p><img decoding=\"async\" data-src=\"https:\/\/helenolima.com\/envios\/2023\/09\/22\/d31ff143f8a42dbb5977125c4ec08a2963c6958e.jpg\" width=\"1000\" src=\"data:image\/svg+xml;base64,PHN2ZyB3aWR0aD0iMSIgaGVpZ2h0PSIxIiB4bWxucz0iaHR0cDovL3d3dy53My5vcmcvMjAwMC9zdmciPjwvc3ZnPg==\" class=\"lazyload\" \/><\/p>\n<p><img decoding=\"async\" data-src=\"https:\/\/helenolima.com\/envios\/2023\/09\/22\/2b3adacbe2371b1d60853f9ba0b975947fb91ef3.jpg\" width=\"1000\" src=\"data:image\/svg+xml;base64,PHN2ZyB3aWR0aD0iMSIgaGVpZ2h0PSIxIiB4bWxucz0iaHR0cDovL3d3dy53My5vcmcvMjAwMC9zdmciPjwvc3ZnPg==\" class=\"lazyload\" \/><\/p>\n<p><img decoding=\"async\" data-src=\"https:\/\/helenolima.com\/envios\/2023\/09\/22\/6c7fc0d39cd2f75be5fdf21460844483bee81f9e.jpg\" width=\"1000\" src=\"data:image\/svg+xml;base64,PHN2ZyB3aWR0aD0iMSIgaGVpZ2h0PSIxIiB4bWxucz0iaHR0cDovL3d3dy53My5vcmcvMjAwMC9zdmciPjwvc3ZnPg==\" class=\"lazyload\" \/><\/p>\n<p><img decoding=\"async\" data-src=\"https:\/\/helenolima.com\/envios\/2023\/09\/22\/539d90518f11b8cb5596859bfe3769cf8a89cfa2.jpg\" width=\"1000\" src=\"data:image\/svg+xml;base64,PHN2ZyB3aWR0aD0iMSIgaGVpZ2h0PSIxIiB4bWxucz0iaHR0cDovL3d3dy53My5vcmcvMjAwMC9zdmciPjwvc3ZnPg==\" class=\"lazyload\" \/><\/p>\n","protected":false},"excerpt":{"rendered":"<p>Santo Andr\u00e9, no Cariri da Para\u00edba, promoveu nesta quinta-feira (21), na zona rural, o semin\u00e1rio do Programa Municipal de Sementes Crioulas da Paix\u00e3o. O evento&hellip; <\/p>\n","protected":false},"author":6,"featured_media":275006,"comment_status":"closed","ping_status":"closed","sticky":false,"template":"","format":"standard","meta":{"sfsi_plus_gutenberg_text_before_share":"","sfsi_plus_gutenberg_show_text_before_share":"","sfsi_plus_gutenberg_icon_type":"","sfsi_plus_gutenberg_icon_alignemt":"","sfsi_plus_gutenburg_max_per_row":"","footnotes":""},"categories":[50,86],"tags":[],"class_list":["post-275005","post","type-post","status-publish","format-standard","has-post-thumbnail","hentry","category-destaque","category-santo-andre"],"_links":{"self":[{"href":"https:\/\/www.caririemacao.com\/1\/wp-json\/wp\/v2\/posts\/275005","targetHints":{"allow":["GET"]}}],"collection":[{"href":"https:\/\/www.caririemacao.com\/1\/wp-json\/wp\/v2\/posts"}],"about":[{"href":"https:\/\/www.caririemacao.com\/1\/wp-json\/wp\/v2\/types\/post"}],"author":[{"embeddable":true,"href":"https:\/\/www.caririemacao.com\/1\/wp-json\/wp\/v2\/users\/6"}],"replies":[{"embeddable":true,"href":"https:\/\/www.caririemacao.com\/1\/wp-json\/wp\/v2\/comments?post=275005"}],"version-history":[{"count":1,"href":"https:\/\/www.caririemacao.com\/1\/wp-json\/wp\/v2\/posts\/275005\/revisions"}],"predecessor-version":[{"id":275007,"href":"https:\/\/www.caririemacao.com\/1\/wp-json\/wp\/v2\/posts\/275005\/revisions\/275007"}],"wp:featuredmedia":[{"embeddable":true,"href":"https:\/\/www.caririemacao.com\/1\/wp-json\/wp\/v2\/media\/275006"}],"wp:attachment":[{"href":"https:\/\/www.caririemacao.com\/1\/wp-json\/wp\/v2\/media?parent=275005"}],"wp:term":[{"taxonomy":"category","embeddable":true,"href":"https:\/\/www.caririemacao.com\/1\/wp-json\/wp\/v2\/categories?post=275005"},{"taxonomy":"post_tag","embeddable":true,"href":"https:\/\/www.caririemacao.com\/1\/wp-json\/wp\/v2\/tags?post=275005"}],"curies":[{"name":"wp","href":"https:\/\/api.w.org\/{rel}","templated":true}]}}