{"id":275008,"date":"2023-09-22T19:34:18","date_gmt":"2023-09-22T22:34:18","guid":{"rendered":"https:\/\/www.caririemacao.com\/1\/?p=275008"},"modified":"2023-09-22T19:34:18","modified_gmt":"2023-09-22T22:34:18","slug":"prefeitura-de-sao-domingos-do-cariri-inicia-projeto-de-inseminacao-artificial-visando-o-melhoramento-do-rebanho-bovino","status":"publish","type":"post","link":"https:\/\/www.caririemacao.com\/1\/2023\/09\/22\/prefeitura-de-sao-domingos-do-cariri-inicia-projeto-de-inseminacao-artificial-visando-o-melhoramento-do-rebanho-bovino\/","title":{"rendered":"Prefeitura de S\u00e3o Domingos do Cariri inicia projeto de insemina\u00e7\u00e3o artificial visando o melhoramento do rebanho bovino"},"content":{"rendered":"<p>A prefeitura municipal de S\u00e3o Domingos do cariri atrav\u00e9s da Secretaria de Agricultura iniciou esta semana um projeto pioneiro.<\/p>\n<p>No in\u00edcio de 2022, a prefeitura municipal de S\u00e3o Domingos do Cariri-PB, atrav\u00e9s da secretaria de agricultura, buscou parceria com a CONAFER, com a finalidade de trazer o programa de melhoramento gen\u00e9tico para a cadeia da bovinocultura, oportunizando aos nossos criadores o beneficiamento e amplia\u00e7\u00e3o desta cadeia produtiva, com gen\u00e9ticas dispon\u00edveis das ra\u00e7as das esp\u00e9cies:<br \/>\nGirolando, Holand\u00eas, Jersey, Sindi, Nelore, Guzer\u00e1, ra\u00e7as produtivas de corte e de leite, possibilitando o aumento e a qualidade dos rebanhos, ofertando ao produtor rural a oportunidade em aumentar sua fonte de renda dentro da suas respectivas propriedades.<\/p>\n<p>Vale destacar que, o munic\u00edpio tamb\u00e9m j\u00e1 aderiu \u00e0s insemina\u00e7\u00f5es artificiais para o rebanho de caprinos e ovinos, tamb\u00e9m, o projeto \u00e9 capitaneado pelos m\u00e9dicos veterin\u00e1rios, Dr\u00aa J\u00e9ssika Assis, veterin\u00e1ria credenciada pela Conafer e Dr. M\u00e1rcio, veterin\u00e1rio, que tamb\u00e9m est\u00e1 credenciado pela Conafer, mas que atende o munic\u00edpio de S\u00e3o Domingos do Cariri.<\/p>\n<p>Para o prefeito Onildo Linberg e o Secret\u00e1rio de Agricultura Geandre Alves, o projeto \u00e9 inovador e vai fazer uma grande diferen\u00e7a, \u201d N\u00f3s estamos muito felizes e confiantes que esse projeto ser\u00e1 fundamental no melhoramento do rebanho Bovino em nosso munic\u00edpio, nossa gest\u00e3o atrav\u00e9s da Sec. de Agricultura tem dado muito apoio ao homem do campo, buscando t\u00e9cnicas e parcerias para apoiar cada vez mais os Agricultores(As).<\/p>\n<p>Ascom<\/p>\n","protected":false},"excerpt":{"rendered":"<p>A prefeitura municipal de S\u00e3o Domingos do cariri atrav\u00e9s da Secretaria de Agricultura iniciou esta semana um projeto pioneiro. No in\u00edcio de 2022, a prefeitura&hellip; <\/p>\n","protected":false},"author":6,"featured_media":275009,"comment_status":"closed","ping_status":"closed","sticky":false,"template":"","format":"standard","meta":{"sfsi_plus_gutenberg_text_before_share":"","sfsi_plus_gutenberg_show_text_before_share":"","sfsi_plus_gutenberg_icon_type":"","sfsi_plus_gutenberg_icon_alignemt":"","sfsi_plus_gutenburg_max_per_row":"","footnotes":""},"categories":[50,87],"tags":[],"class_list":["post-275008","post","type-post","status-publish","format-standard","has-post-thumbnail","hentry","category-destaque","category-sao-domingos-do-cariri"],"_links":{"self":[{"href":"https:\/\/www.caririemacao.com\/1\/wp-json\/wp\/v2\/posts\/275008","targetHints":{"allow":["GET"]}}],"collection":[{"href":"https:\/\/www.caririemacao.com\/1\/wp-json\/wp\/v2\/posts"}],"about":[{"href":"https:\/\/www.caririemacao.com\/1\/wp-json\/wp\/v2\/types\/post"}],"author":[{"embeddable":true,"href":"https:\/\/www.caririemacao.com\/1\/wp-json\/wp\/v2\/users\/6"}],"replies":[{"embeddable":true,"href":"https:\/\/www.caririemacao.com\/1\/wp-json\/wp\/v2\/comments?post=275008"}],"version-history":[{"count":1,"href":"https:\/\/www.caririemacao.com\/1\/wp-json\/wp\/v2\/posts\/275008\/revisions"}],"predecessor-version":[{"id":275010,"href":"https:\/\/www.caririemacao.com\/1\/wp-json\/wp\/v2\/posts\/275008\/revisions\/275010"}],"wp:featuredmedia":[{"embeddable":true,"href":"https:\/\/www.caririemacao.com\/1\/wp-json\/wp\/v2\/media\/275009"}],"wp:attachment":[{"href":"https:\/\/www.caririemacao.com\/1\/wp-json\/wp\/v2\/media?parent=275008"}],"wp:term":[{"taxonomy":"category","embeddable":true,"href":"https:\/\/www.caririemacao.com\/1\/wp-json\/wp\/v2\/categories?post=275008"},{"taxonomy":"post_tag","embeddable":true,"href":"https:\/\/www.caririemacao.com\/1\/wp-json\/wp\/v2\/tags?post=275008"}],"curies":[{"name":"wp","href":"https:\/\/api.w.org\/{rel}","templated":true}]}}