{"id":275011,"date":"2023-09-22T20:42:20","date_gmt":"2023-09-22T23:42:20","guid":{"rendered":"https:\/\/www.caririemacao.com\/1\/?p=275011"},"modified":"2023-09-22T20:42:20","modified_gmt":"2023-09-22T23:42:20","slug":"tse-forma-maioria-e-mantem-bolsonaro-inelegivel","status":"publish","type":"post","link":"https:\/\/www.caririemacao.com\/1\/2023\/09\/22\/tse-forma-maioria-e-mantem-bolsonaro-inelegivel\/","title":{"rendered":"TSE forma maioria e mant\u00e9m Bolsonaro ineleg\u00edvel"},"content":{"rendered":"<div id=\"chunk-cdedk\">\n<div class=\"mc-column content-text active-extra-styles active-capital-letter\" data-block-type=\"unstyled\" data-block-weight=\"43\" data-block-id=\"3\">\n<p class=\"content-text__container theme-color-primary-first-letter\" data-track-category=\"Link no Texto\" data-track-links=\"\">O Tribunal Superior Eleitoral (TSE) formou\u00a0maioria para rejeitar o recurso da defesa do ex-presidente Jair Bolsonaro\u00a0(PL; foto) contra a decis\u00e3o que o tornou\u00a0ineleg\u00edvel por oito anos, por abuso de poder pol\u00edtico e uso indevido dos meios de comunica\u00e7\u00e3o.<\/p>\n<\/div>\n<\/div>\n<div class=\"wall protected-content\">\n<div id=\"chunk-3pnhl\">\n<div class=\"mc-column content-text active-extra-styles \" data-block-type=\"unstyled\" data-block-weight=\"35\" data-block-id=\"4\">\n<p class=\"content-text__container \" data-track-category=\"Link no Texto\" data-track-links=\"\">A a\u00e7\u00e3o voltou \u00e0 pauta da Corte Eleitoral, em\u00a0plen\u00e1rio virtual, nesta sexta-feira (22), pouco mais de dois meses depois da decis\u00e3o dos ministros pela condena\u00e7\u00e3o do ex-presidente.<\/p>\n<\/div>\n<\/div>\n<div id=\"chunk-950vp\">\n<div class=\"mc-column content-text active-extra-styles \" data-block-type=\"unstyled\" data-block-weight=\"35\" data-block-id=\"5\">\n<p class=\"content-text__container \" data-track-category=\"Link no Texto\" data-track-links=\"\">Acompanharam o voto do relator, ministro Benedito Gon\u00e7alves, contra o recurso a ministra C\u00e1rmen L\u00facia e os ministros Andr\u00e9 Ramos Tavares e a Alexandre de Moraes.<\/p>\n<\/div>\n<\/div>\n<\/div>\n","protected":false},"excerpt":{"rendered":"<p>O Tribunal Superior Eleitoral (TSE) formou\u00a0maioria para rejeitar o recurso da defesa do ex-presidente Jair Bolsonaro\u00a0(PL; foto) contra a decis\u00e3o que o tornou\u00a0ineleg\u00edvel por oito&hellip; <\/p>\n","protected":false},"author":6,"featured_media":274447,"comment_status":"closed","ping_status":"closed","sticky":false,"template":"","format":"standard","meta":{"sfsi_plus_gutenberg_text_before_share":"","sfsi_plus_gutenberg_show_text_before_share":"","sfsi_plus_gutenberg_icon_type":"","sfsi_plus_gutenberg_icon_alignemt":"","sfsi_plus_gutenburg_max_per_row":"","footnotes":""},"categories":[123,50],"tags":[],"class_list":["post-275011","post","type-post","status-publish","format-standard","has-post-thumbnail","hentry","category-brasil","category-destaque"],"_links":{"self":[{"href":"https:\/\/www.caririemacao.com\/1\/wp-json\/wp\/v2\/posts\/275011","targetHints":{"allow":["GET"]}}],"collection":[{"href":"https:\/\/www.caririemacao.com\/1\/wp-json\/wp\/v2\/posts"}],"about":[{"href":"https:\/\/www.caririemacao.com\/1\/wp-json\/wp\/v2\/types\/post"}],"author":[{"embeddable":true,"href":"https:\/\/www.caririemacao.com\/1\/wp-json\/wp\/v2\/users\/6"}],"replies":[{"embeddable":true,"href":"https:\/\/www.caririemacao.com\/1\/wp-json\/wp\/v2\/comments?post=275011"}],"version-history":[{"count":1,"href":"https:\/\/www.caririemacao.com\/1\/wp-json\/wp\/v2\/posts\/275011\/revisions"}],"predecessor-version":[{"id":275012,"href":"https:\/\/www.caririemacao.com\/1\/wp-json\/wp\/v2\/posts\/275011\/revisions\/275012"}],"wp:featuredmedia":[{"embeddable":true,"href":"https:\/\/www.caririemacao.com\/1\/wp-json\/wp\/v2\/media\/274447"}],"wp:attachment":[{"href":"https:\/\/www.caririemacao.com\/1\/wp-json\/wp\/v2\/media?parent=275011"}],"wp:term":[{"taxonomy":"category","embeddable":true,"href":"https:\/\/www.caririemacao.com\/1\/wp-json\/wp\/v2\/categories?post=275011"},{"taxonomy":"post_tag","embeddable":true,"href":"https:\/\/www.caririemacao.com\/1\/wp-json\/wp\/v2\/tags?post=275011"}],"curies":[{"name":"wp","href":"https:\/\/api.w.org\/{rel}","templated":true}]}}