{"id":275017,"date":"2023-09-23T06:40:37","date_gmt":"2023-09-23T09:40:37","guid":{"rendered":"https:\/\/www.caririemacao.com\/1\/?p=275017"},"modified":"2023-09-23T06:40:37","modified_gmt":"2023-09-23T09:40:37","slug":"cabo-gilberto-culpa-wellington-roberto-por-sua-destituicao-da-presidencia-do-pl-e-diz-que-embate-e-por-espaco-politico","status":"publish","type":"post","link":"https:\/\/www.caririemacao.com\/1\/2023\/09\/23\/cabo-gilberto-culpa-wellington-roberto-por-sua-destituicao-da-presidencia-do-pl-e-diz-que-embate-e-por-espaco-politico\/","title":{"rendered":"Cabo Gilberto culpa Wellington Roberto por sua destitui\u00e7\u00e3o da presid\u00eancia do PL e diz que embate \u00e9 por &#8220;espa\u00e7o pol\u00edtico&#8221;"},"content":{"rendered":"<header class=\"pg-newDetail__header\">\n<div class=\"gs-container\">\n<div class=\"pg-newDetail__header__content\">\n<p class=\"pg-newDetail__resume\"><strong>Em entrevista \u00e0 Arapuan FM, ontem sexta (22), Cabo Gilberto taxou o deputado Wellington Roberto de ditador e diz que j\u00e1 esperava ser retirado da presid\u00eancia do PL na capital paraibana.<\/strong><\/p>\n<\/div>\n<\/div>\n<\/header>\n<div class=\"pg-newDetail__main gs-container\">\n<p>O deputado federal Cabo Gilberto disse que nada vai mudar para ele em rela\u00e7\u00e3o a sua destitui\u00e7\u00e3o da presid\u00eancia do Partido Liberal (PL) em Jo\u00e3o Pessoa. Em entrevista ao programa 60 Minutos, da Arapuan FM, nesta sexta-feira (22), ele taxou o deputado federal Wellington Roberto de ditador e diz que j\u00e1 esperava ser retirado da presid\u00eancia da legenda na capital paraibana. Em alguns pontos da entrevista, Gilberto fala em nome do grupo formado por ele, Walber Virgolino e Nilvan Ferreira.<\/p>\n<p>O Cabo Gilberto deixa claro acreditar que &#8220;quem me derrubou foi Wellington Roberto. Tudo isso que est\u00e1 acontecendo \u00e9 [a\u00e7\u00e3o de] Wellington Roberto. Essa conversa de que o presidente Valdemar e botando a culpa em Bolsonaro para querer confundir a mente das pessoas, isso n\u00e3o existe. Tudo partiu de Wellington Roberto.&#8221;<\/p>\n<p>Ele acrescenta que &#8220;isso n\u00e3o vai mudar em nada. N\u00e3o vamos apoiar o candidato de Caio Roberto. Ele entregou oficialmente hoje o partido \u00e0 esquerda. N\u00e3o irei participar dessa trama do deputado federal Wellington Roberto. A gente pode procurar outra casa se eu for expulso. O que Wellington quer fazer com seus aliados? Ele quer fazer como se eu fosse brigar com o presidente [ex-presidente Jair Bolsonaro]. J\u00e1 sab\u00edamos que isso iria acontecer e era s\u00f3 quest\u00e3o de tempo&#8221;, relatou o Cabo Gilberto \u00e0 Arapuan FM, destacando a sua destitui\u00e7\u00e3o da presid\u00eancia do PL e o apoio anunciado hoje de Caio Roberto ao governador Jo\u00e3o Azev\u00eado.<\/p>\n<p>Na opini\u00e3o do Cabo Gilberto, &#8220;houve um claro boicote do PL \u00e0 nossa candidatura, \u00e0 nossa chapa proporcional e majorit\u00e1ria [nas Elei\u00e7\u00f5es 2022]. Provamos por A mais B que o PL \u00e9 &#8216;Lula livre&#8217; e que est\u00e1 com Jo\u00e3o Azev\u00eado e agora a comprova\u00e7\u00e3o do que j\u00e1 sab\u00edamos. O filho do deputado federal Wellington Roberto, que dirige o partido como &#8216;coron\u00e9&#8217;, est\u00e1 com o governador como esteve l\u00e1 no segundo turno [em 2022]. E, quando eu assumi o diret\u00f3rio municipal, n\u00e3o queriam que o nosso grupo ficasse forte, entrando em luta com os conservadores a todo momento.&#8221;<\/p>\n<p><strong>Espa\u00e7o pol\u00edtico<br \/>\n<\/strong><\/p>\n<p>Gilberto aponta que a motiva\u00e7\u00e3o para essa destitui\u00e7\u00e3o \u00e9 de que se trata de uma &#8220;quest\u00e3o de espa\u00e7o pol\u00edtico. Ele n\u00e3o quer que o nosso grupo fique fortalecido aqui na Capital e nem na Para\u00edba. Ele j\u00e1 fez acordo com partido para apoiar Ruy Carneiro no segundo turno, j\u00e1 est\u00e1 com o governador desde o segundo turno [de 2022] porque Wellington Roberto n\u00e3o tem lado. O lado dele \u00e9 governo, ele sabe ser governo, \u00e9 a vida pol\u00edtica dele. Agora eu n\u00e3o fa\u00e7o pol\u00edtica dessa forma.&#8221;<\/p>\n<p>O Cabo Gilberto concluiu dizendo que &#8220;n\u00e3o iremos apoiar o candidato de Wellington Roberto, respeitando a decis\u00e3o partid\u00e1ria. O nosso plano est\u00e1 mantido da mesma forma, n\u00e3o vai alterar nada. At\u00e9 porque n\u00e3o fui pego de surpresa porque eu j\u00e1 sabia que isso iria acontecer porque eu n\u00e3o tinha inger\u00eancia nenhuma no partido.&#8221;<\/p>\n<p><strong>Marcelo Queiroga<\/strong><\/p>\n<p>A destitui\u00e7\u00e3o do Cabo Gilberto foi uma decis\u00e3o da Executiva Nacional do PL e foi anunciada nesta sexta-feira (22). A mudan\u00e7a no comando teria sido um pedido do ex-presidente Jair Bolsonaro. Quem assumiu o comando do diret\u00f3rio municipal foi o ministro Marcelo Queiroga, pr\u00e9-candidato a prefeito de Jo\u00e3o Pessoa. Essa pr\u00e9-candidatura contraria os desejos e planos de Gilberto, Walber e Nilvan, o que tem provocado os embates dos \u00faltimos meses entre os dois lados.<\/p>\n<p>FONTE: Click PB<\/p>\n<\/div>\n","protected":false},"excerpt":{"rendered":"<p>Em entrevista \u00e0 Arapuan FM, ontem sexta (22), Cabo Gilberto taxou o deputado Wellington Roberto de ditador e diz que j\u00e1 esperava ser retirado da&hellip; <\/p>\n","protected":false},"author":6,"featured_media":275018,"comment_status":"closed","ping_status":"closed","sticky":false,"template":"","format":"standard","meta":{"sfsi_plus_gutenberg_text_before_share":"","sfsi_plus_gutenberg_show_text_before_share":"","sfsi_plus_gutenberg_icon_type":"","sfsi_plus_gutenberg_icon_alignemt":"","sfsi_plus_gutenburg_max_per_row":"","footnotes":""},"categories":[50,11],"tags":[],"class_list":["post-275017","post","type-post","status-publish","format-standard","has-post-thumbnail","hentry","category-destaque","category-politica"],"_links":{"self":[{"href":"https:\/\/www.caririemacao.com\/1\/wp-json\/wp\/v2\/posts\/275017","targetHints":{"allow":["GET"]}}],"collection":[{"href":"https:\/\/www.caririemacao.com\/1\/wp-json\/wp\/v2\/posts"}],"about":[{"href":"https:\/\/www.caririemacao.com\/1\/wp-json\/wp\/v2\/types\/post"}],"author":[{"embeddable":true,"href":"https:\/\/www.caririemacao.com\/1\/wp-json\/wp\/v2\/users\/6"}],"replies":[{"embeddable":true,"href":"https:\/\/www.caririemacao.com\/1\/wp-json\/wp\/v2\/comments?post=275017"}],"version-history":[{"count":1,"href":"https:\/\/www.caririemacao.com\/1\/wp-json\/wp\/v2\/posts\/275017\/revisions"}],"predecessor-version":[{"id":275019,"href":"https:\/\/www.caririemacao.com\/1\/wp-json\/wp\/v2\/posts\/275017\/revisions\/275019"}],"wp:featuredmedia":[{"embeddable":true,"href":"https:\/\/www.caririemacao.com\/1\/wp-json\/wp\/v2\/media\/275018"}],"wp:attachment":[{"href":"https:\/\/www.caririemacao.com\/1\/wp-json\/wp\/v2\/media?parent=275017"}],"wp:term":[{"taxonomy":"category","embeddable":true,"href":"https:\/\/www.caririemacao.com\/1\/wp-json\/wp\/v2\/categories?post=275017"},{"taxonomy":"post_tag","embeddable":true,"href":"https:\/\/www.caririemacao.com\/1\/wp-json\/wp\/v2\/tags?post=275017"}],"curies":[{"name":"wp","href":"https:\/\/api.w.org\/{rel}","templated":true}]}}