{"id":275020,"date":"2023-09-23T06:42:34","date_gmt":"2023-09-23T09:42:34","guid":{"rendered":"https:\/\/www.caririemacao.com\/1\/?p=275020"},"modified":"2023-09-23T06:42:34","modified_gmt":"2023-09-23T09:42:34","slug":"caso-ana-sophia-policia-reforca-tese-de-que-crianca-esta-morta","status":"publish","type":"post","link":"https:\/\/www.caririemacao.com\/1\/2023\/09\/23\/caso-ana-sophia-policia-reforca-tese-de-que-crianca-esta-morta\/","title":{"rendered":"Caso Ana Sophia: Pol\u00edcia refor\u00e7a tese de que crian\u00e7a est\u00e1 morta"},"content":{"rendered":"<div class=\"subtitulo mb-3\"><em><strong>Delegado afirmou que somente ap\u00f3s a pris\u00e3o de Tiago Fernandes, acusado pelo crime, \u00e9 que se saber\u00e1 a localiza\u00e7\u00e3o do corpo da crian\u00e7a<\/strong><\/em><\/div>\n<div><\/div>\n<div>\n<p>O advogado Aldrovilli Grisi afirmou na manh\u00e3 de ontem sexta-feira (22) que a Pol\u00edcia Civil trabalha com a tese de que Ana Sophia, de 8 anos, estaria morta. A declara\u00e7\u00e3o foi dada durante uma coletiva de imprensa na sede da Delegacia Geral, em Jo\u00e3o Pessoa.<\/p>\n<p>\u201cCada dia que se passa fortalece a tese de que a crian\u00e7a est\u00e1 morta e o seu corpo ocultado\u201d, disse o delegado Pablo Everton. Ele afirmou ainda afirmou que somente ap\u00f3s a pris\u00e3o de Tiago Fernandes, acusado pelo crime, \u00e9 que se saber\u00e1 a localiza\u00e7\u00e3o do corpo.<\/p>\n<p>Durante coletiva, a pol\u00edcia confirmou que Ana Sophia entrou de fato na casa de Tiago e n\u00e3o saiu mais de l\u00e1.<\/p>\n<p>\u201cTiago n\u00e3o \u00e9 v\u00edtima, Tiago \u00e9 acusado. Todo esse circo que ele est\u00e1 montando \u00e9 parte de uma estrat\u00e9gia e n\u00f3s n\u00e3o vamos entrar nesse jogo. Ele ser\u00e1 preso.\u201d concluiu.<\/p>\n<h2 id=\"h-relembre-o-caso\" class=\"wp-block-heading\">Relembre o caso<\/h2>\n<p>Ana Sophia est\u00e1 desaparecida desde o dia 4 de julho. Ela saiu de casa para visitar uma amiga, mas n\u00e3o permaneceu muito tempo na resid\u00eancia da menina. C\u00e2meras de seguran\u00e7a registraram parte do trajeto de Ana Sophia na volta para o distrito de Roma. Por\u00e9m, a crian\u00e7a nunca chegou em casa.<\/p>\n<p>A fam\u00edlia de Ana Sophia registrou o desaparecimento da menina ainda em 4 de julho e as investiga\u00e7\u00f5es come\u00e7aram no dia seguinte.<\/p>\n<p>Tiago Fontes \u00e9 marido da vice-diretora da escola onde a Ana Sophia estudava. Foi feita uma busca na casa do casal, um dos celulares foi apreendido, assim como o carro que foi periciado.\u00a0<strong>Tiago desapareceu um dia antes de ir depor na delegacia e at\u00e9 ent\u00e3o n\u00e3o foi encontrad<\/strong><strong>o<\/strong>.<\/p>\n<p>FONTE: Portal Correio<\/p>\n<\/div>\n","protected":false},"excerpt":{"rendered":"<p>Delegado afirmou que somente ap\u00f3s a pris\u00e3o de Tiago Fernandes, acusado pelo crime, \u00e9 que se saber\u00e1 a localiza\u00e7\u00e3o do corpo da crian\u00e7a O advogado&hellip; <\/p>\n","protected":false},"author":6,"featured_media":275021,"comment_status":"closed","ping_status":"closed","sticky":false,"template":"","format":"standard","meta":{"sfsi_plus_gutenberg_text_before_share":"","sfsi_plus_gutenberg_show_text_before_share":"","sfsi_plus_gutenberg_icon_type":"","sfsi_plus_gutenberg_icon_alignemt":"","sfsi_plus_gutenburg_max_per_row":"","footnotes":""},"categories":[50,12],"tags":[],"class_list":["post-275020","post","type-post","status-publish","format-standard","has-post-thumbnail","hentry","category-destaque","category-policia"],"_links":{"self":[{"href":"https:\/\/www.caririemacao.com\/1\/wp-json\/wp\/v2\/posts\/275020","targetHints":{"allow":["GET"]}}],"collection":[{"href":"https:\/\/www.caririemacao.com\/1\/wp-json\/wp\/v2\/posts"}],"about":[{"href":"https:\/\/www.caririemacao.com\/1\/wp-json\/wp\/v2\/types\/post"}],"author":[{"embeddable":true,"href":"https:\/\/www.caririemacao.com\/1\/wp-json\/wp\/v2\/users\/6"}],"replies":[{"embeddable":true,"href":"https:\/\/www.caririemacao.com\/1\/wp-json\/wp\/v2\/comments?post=275020"}],"version-history":[{"count":1,"href":"https:\/\/www.caririemacao.com\/1\/wp-json\/wp\/v2\/posts\/275020\/revisions"}],"predecessor-version":[{"id":275022,"href":"https:\/\/www.caririemacao.com\/1\/wp-json\/wp\/v2\/posts\/275020\/revisions\/275022"}],"wp:featuredmedia":[{"embeddable":true,"href":"https:\/\/www.caririemacao.com\/1\/wp-json\/wp\/v2\/media\/275021"}],"wp:attachment":[{"href":"https:\/\/www.caririemacao.com\/1\/wp-json\/wp\/v2\/media?parent=275020"}],"wp:term":[{"taxonomy":"category","embeddable":true,"href":"https:\/\/www.caririemacao.com\/1\/wp-json\/wp\/v2\/categories?post=275020"},{"taxonomy":"post_tag","embeddable":true,"href":"https:\/\/www.caririemacao.com\/1\/wp-json\/wp\/v2\/tags?post=275020"}],"curies":[{"name":"wp","href":"https:\/\/api.w.org\/{rel}","templated":true}]}}