{"id":275023,"date":"2023-09-23T06:44:20","date_gmt":"2023-09-23T09:44:20","guid":{"rendered":"https:\/\/www.caririemacao.com\/1\/?p=275023"},"modified":"2023-09-23T06:44:20","modified_gmt":"2023-09-23T09:44:20","slug":"joao-azevedo-recebe-apoio-de-deputado-estadual-caio-roberto-e-sua-base-durante-confraternizacao-com-prefeitos","status":"publish","type":"post","link":"https:\/\/www.caririemacao.com\/1\/2023\/09\/23\/joao-azevedo-recebe-apoio-de-deputado-estadual-caio-roberto-e-sua-base-durante-confraternizacao-com-prefeitos\/","title":{"rendered":"Jo\u00e3o Azev\u00eado recebe apoio de deputado estadual Caio Roberto e sua base durante confraterniza\u00e7\u00e3o com prefeitos"},"content":{"rendered":"<p>O governador Jo\u00e3o Azev\u00eado recebeu, ontem sexta-feira (22), o apoio do deputado estadual Caio Roberto (PL). O an\u00fancio ocorreu durante almo\u00e7o de confraterniza\u00e7\u00e3o do parlamentar com sua base aliada de prefeitos em uma casa de recep\u00e7\u00f5es de Jo\u00e3o Pessoa. Na ocasi\u00e3o, os gestores municipais tamb\u00e9m agradeceram ao chefe do Executivo estadual pelas obras e a\u00e7\u00f5es do governo nos munic\u00edpios.<\/p>\n<p>\u201cN\u00f3s estamos formalizando o apoio a Jo\u00e3o Azev\u00eado, a maioria dos nossos prefeitos \u00e9 da base aliada do governador e ele tem atendido \u00e0s reivindica\u00e7\u00f5es da popula\u00e7\u00e3o e eu n\u00e3o posso deixar de ser grato pelas a\u00e7\u00f5es do governo nos nossos munic\u00edpios\u201d, destacou o deputado Caio Roberto.<\/p>\n<p>Na oportunidade, Jo\u00e3o Azev\u00eado agradeceu o apoio de Caio Roberto e refor\u00e7ou seu compromisso de manter uma gest\u00e3o municipalista e pautada no di\u00e1logo. \u201cEu agrade\u00e7o ao deputado estadual Caio pelo gesto e pelas palavras de cada prefeito que mencionou as parcerias que temos com os munic\u00edpios. A nossa gest\u00e3o tem a capacidade de olhar para cada cidade e ir na dire\u00e7\u00e3o do que as pessoas precisam. N\u00f3s fazemos um governo com respeito e com a presen\u00e7a verdadeira em todos os munic\u00edpios com obras, a\u00e7\u00f5es e pol\u00edticas p\u00fablicas e as manifesta\u00e7\u00f5es de apoio que recebemos nos mostram que estamos no caminho certo, nesse trabalho de constru\u00e7\u00e3o de uma Para\u00edba cada vez mais desenvolvida\u201d, comentou.<\/p>\n<p>FONTE: Cariri Ligado<\/p>\n","protected":false},"excerpt":{"rendered":"<p>O governador Jo\u00e3o Azev\u00eado recebeu, ontem sexta-feira (22), o apoio do deputado estadual Caio Roberto (PL). O an\u00fancio ocorreu durante almo\u00e7o de confraterniza\u00e7\u00e3o do parlamentar&hellip; <\/p>\n","protected":false},"author":6,"featured_media":275024,"comment_status":"closed","ping_status":"closed","sticky":false,"template":"","format":"standard","meta":{"sfsi_plus_gutenberg_text_before_share":"","sfsi_plus_gutenberg_show_text_before_share":"","sfsi_plus_gutenberg_icon_type":"","sfsi_plus_gutenberg_icon_alignemt":"","sfsi_plus_gutenburg_max_per_row":"","footnotes":""},"categories":[50,11],"tags":[],"class_list":["post-275023","post","type-post","status-publish","format-standard","has-post-thumbnail","hentry","category-destaque","category-politica"],"_links":{"self":[{"href":"https:\/\/www.caririemacao.com\/1\/wp-json\/wp\/v2\/posts\/275023","targetHints":{"allow":["GET"]}}],"collection":[{"href":"https:\/\/www.caririemacao.com\/1\/wp-json\/wp\/v2\/posts"}],"about":[{"href":"https:\/\/www.caririemacao.com\/1\/wp-json\/wp\/v2\/types\/post"}],"author":[{"embeddable":true,"href":"https:\/\/www.caririemacao.com\/1\/wp-json\/wp\/v2\/users\/6"}],"replies":[{"embeddable":true,"href":"https:\/\/www.caririemacao.com\/1\/wp-json\/wp\/v2\/comments?post=275023"}],"version-history":[{"count":1,"href":"https:\/\/www.caririemacao.com\/1\/wp-json\/wp\/v2\/posts\/275023\/revisions"}],"predecessor-version":[{"id":275025,"href":"https:\/\/www.caririemacao.com\/1\/wp-json\/wp\/v2\/posts\/275023\/revisions\/275025"}],"wp:featuredmedia":[{"embeddable":true,"href":"https:\/\/www.caririemacao.com\/1\/wp-json\/wp\/v2\/media\/275024"}],"wp:attachment":[{"href":"https:\/\/www.caririemacao.com\/1\/wp-json\/wp\/v2\/media?parent=275023"}],"wp:term":[{"taxonomy":"category","embeddable":true,"href":"https:\/\/www.caririemacao.com\/1\/wp-json\/wp\/v2\/categories?post=275023"},{"taxonomy":"post_tag","embeddable":true,"href":"https:\/\/www.caririemacao.com\/1\/wp-json\/wp\/v2\/tags?post=275023"}],"curies":[{"name":"wp","href":"https:\/\/api.w.org\/{rel}","templated":true}]}}