{"id":275026,"date":"2023-09-23T06:45:52","date_gmt":"2023-09-23T09:45:52","guid":{"rendered":"https:\/\/www.caririemacao.com\/1\/?p=275026"},"modified":"2023-09-23T06:45:52","modified_gmt":"2023-09-23T09:45:52","slug":"paraiba-conquista-medalha-de-bronze-no-basquete-em-cadeira-de-rodas","status":"publish","type":"post","link":"https:\/\/www.caririemacao.com\/1\/2023\/09\/23\/paraiba-conquista-medalha-de-bronze-no-basquete-em-cadeira-de-rodas\/","title":{"rendered":"Para\u00edba conquista medalha de bronze no basquete em cadeira de rodas"},"content":{"rendered":"<div class=\"subtitulo mb-3\"><em><strong>O representante paraibano na competi\u00e7\u00e3o conseguiu o acesso para que em 2024 possa disputar a Primeira Divis\u00e3o<\/strong><\/em><\/div>\n<div><\/div>\n<div>\n<p>O esporte paraibano continua mostrando sua grande e mais uma vez se destacou com sua equipe de basquete masculina em cadeira de rodas, a Associa\u00e7\u00e3o Atl\u00e9tica da Pessoa com Defici\u00eancia da Para\u00edba (AAPD-PB), conquistando medalha de bronze, no Campeonato Brasileira de Segunda Divis\u00e3o e o acesso para a Primeira Divis\u00e3o de 2024<\/p>\n<p>Os rapazes da AAPD-PB ficaram na terceira coloca\u00e7\u00e3o do Campeonato Brasileiro da Segunda Divis\u00e3o, em S\u00e3o Paulo, ap\u00f3s vencer, ontem sexta-feira (22), por 59 a 56 o Tigres Umuarama, do Paran\u00e1. O representante paraibano na competi\u00e7\u00e3o conseguiu o acesso para que em 2024 possa disputar a Primeira Divis\u00e3o.<\/p>\n<p>De acordo com os organizadores, a competi\u00e7\u00e3o contou com 12 agremia\u00e7\u00f5es participantes. O time campe\u00e3o foi o da Associa\u00e7\u00e3o dos Paratletas de Cascavel (Apac-RJ), que na final venceu a Associa\u00e7\u00e3o Niteroiense de Deficientes F\u00edsicos, que \u00e9 do Rio de Janeiro (Andef-RJ).<\/p>\n<p>\u201cParab\u00e9ns a essa equipe maravilhosa, que treinou bastante focando t\u00e3o somente esse acesso para a primeira divis\u00e3o do ano que vem. Agradecemos acima de tudo ao Governo do Estado por ter fornecido as passagens a\u00e9reas, e sem esse apoio, a equipe n\u00e3o poderia ter vindo a S\u00e3o Paulo disputar essa importante competi\u00e7\u00e3o\u201d, disse Romero Souza, t\u00e9cnico da equipe paraibana.<\/p>\n<p>\u201cN\u00e3o h\u00e1 outras palavras para dizer agora a n\u00e3o ser a satisfa\u00e7\u00e3o do Governo em ter investido e apoiado e saber que conseguiram o resultado expressivo que credenciou a equipe para estar entre os melhores do basquete em cadeira de rodas em 2024. O apoio ao esporte e tamb\u00e9m ao paradesporto \u00e9 uma forte marca j\u00e1 consolidada pela atual gest\u00e3o estadual e, assim, cada vez mais os paraibanos v\u00e3o brilhar mais ainda no Brasil e no mundo\u201d, frisou Lindolfo Pires, secret\u00e1rio da Juventude, Esporte e Lazer.<\/p>\n<p>FONTE: Portal Correio<\/p>\n<\/div>\n","protected":false},"excerpt":{"rendered":"<p>O representante paraibano na competi\u00e7\u00e3o conseguiu o acesso para que em 2024 possa disputar a Primeira Divis\u00e3o O esporte paraibano continua mostrando sua grande e&hellip; <\/p>\n","protected":false},"author":6,"featured_media":275027,"comment_status":"closed","ping_status":"closed","sticky":false,"template":"","format":"standard","meta":{"sfsi_plus_gutenberg_text_before_share":"","sfsi_plus_gutenberg_show_text_before_share":"","sfsi_plus_gutenberg_icon_type":"","sfsi_plus_gutenberg_icon_alignemt":"","sfsi_plus_gutenburg_max_per_row":"","footnotes":""},"categories":[50,13],"tags":[],"class_list":["post-275026","post","type-post","status-publish","format-standard","has-post-thumbnail","hentry","category-destaque","category-esportes"],"_links":{"self":[{"href":"https:\/\/www.caririemacao.com\/1\/wp-json\/wp\/v2\/posts\/275026","targetHints":{"allow":["GET"]}}],"collection":[{"href":"https:\/\/www.caririemacao.com\/1\/wp-json\/wp\/v2\/posts"}],"about":[{"href":"https:\/\/www.caririemacao.com\/1\/wp-json\/wp\/v2\/types\/post"}],"author":[{"embeddable":true,"href":"https:\/\/www.caririemacao.com\/1\/wp-json\/wp\/v2\/users\/6"}],"replies":[{"embeddable":true,"href":"https:\/\/www.caririemacao.com\/1\/wp-json\/wp\/v2\/comments?post=275026"}],"version-history":[{"count":1,"href":"https:\/\/www.caririemacao.com\/1\/wp-json\/wp\/v2\/posts\/275026\/revisions"}],"predecessor-version":[{"id":275028,"href":"https:\/\/www.caririemacao.com\/1\/wp-json\/wp\/v2\/posts\/275026\/revisions\/275028"}],"wp:featuredmedia":[{"embeddable":true,"href":"https:\/\/www.caririemacao.com\/1\/wp-json\/wp\/v2\/media\/275027"}],"wp:attachment":[{"href":"https:\/\/www.caririemacao.com\/1\/wp-json\/wp\/v2\/media?parent=275026"}],"wp:term":[{"taxonomy":"category","embeddable":true,"href":"https:\/\/www.caririemacao.com\/1\/wp-json\/wp\/v2\/categories?post=275026"},{"taxonomy":"post_tag","embeddable":true,"href":"https:\/\/www.caririemacao.com\/1\/wp-json\/wp\/v2\/tags?post=275026"}],"curies":[{"name":"wp","href":"https:\/\/api.w.org\/{rel}","templated":true}]}}