{"id":275029,"date":"2023-09-23T06:48:18","date_gmt":"2023-09-23T09:48:18","guid":{"rendered":"https:\/\/www.caririemacao.com\/1\/?p=275029"},"modified":"2023-09-23T06:48:18","modified_gmt":"2023-09-23T09:48:18","slug":"deputado-nikolas-ferreira-vira-reu-em-mg-por-exposicao-de-adolescente-trans-em-rede-social","status":"publish","type":"post","link":"https:\/\/www.caririemacao.com\/1\/2023\/09\/23\/deputado-nikolas-ferreira-vira-reu-em-mg-por-exposicao-de-adolescente-trans-em-rede-social\/","title":{"rendered":"Deputado Nikolas Ferreira vira r\u00e9u em MG por exposi\u00e7\u00e3o de adolescente trans em rede social"},"content":{"rendered":"<div class=\"subtitulo mb-3\"><em><strong>Caso aconteceu em 2022, quando o pol\u00edtico ainda era vereador em Belo Horizonte;\u00a0MP pediu pedido e perda de carga<\/strong><\/em><\/div>\n<div><\/div>\n<div>\n<p>A Justi\u00e7a de Minas Gerais recebeu uma den\u00fancia do Minist\u00e9rio P\u00fablico Estadual e tornou o deputado federal Nikolas Ferreira (PL-MG) r\u00e9u em uma a\u00e7\u00e3o por suposta\u00a0\u00a0pr\u00e1tica de transfobia\u00a0.\u00a0A ju\u00edza Kenea Marcia Damato de Moura Gomes determinou, na \u00faltima quinta-feira (21), a cita\u00e7\u00e3o do parlamentar no caso.<\/p>\n<p><span>A den\u00fancia do MPMG foi feita em abril deste ano.\u00a0A a\u00e7\u00e3o foi motivada por um v\u00eddeo divulgado pelo pol\u00edtico em redes sociais em junho de 2022, quando ele ainda era vereador de Belo Horizonte.<\/span><\/p>\n<p><span>Ao receber a den\u00fancia, a magistrada da 5\u00aa Vara Criminal da Comarca de Belo Horizonte apontou que a acusa\u00e7\u00e3o atendeu aos requisitos legais do artigo 41 do C\u00f3digo de Processo Penal.\u00a0O texto prev\u00ea que as den\u00fancias dever\u00e3o conter \u201ca exposi\u00e7\u00e3o do fato criminoso, com todas as suas den\u00fancias, a qualifica\u00e7\u00e3o do acusado ou esclarecimentos pelos quais se possa identific\u00e1-lo, a classifica\u00e7\u00e3o do crime e, quando necess\u00e1rio, o rol das testemunhas\u201d.<\/span><\/p>\n<p>FONTE: Portal Correio<\/p>\n<\/div>\n","protected":false},"excerpt":{"rendered":"<p>Caso aconteceu em 2022, quando o pol\u00edtico ainda era vereador em Belo Horizonte;\u00a0MP pediu pedido e perda de carga A Justi\u00e7a de Minas Gerais recebeu&hellip; <\/p>\n","protected":false},"author":6,"featured_media":275030,"comment_status":"closed","ping_status":"closed","sticky":false,"template":"","format":"standard","meta":{"sfsi_plus_gutenberg_text_before_share":"","sfsi_plus_gutenberg_show_text_before_share":"","sfsi_plus_gutenberg_icon_type":"","sfsi_plus_gutenberg_icon_alignemt":"","sfsi_plus_gutenburg_max_per_row":"","footnotes":""},"categories":[50],"tags":[],"class_list":["post-275029","post","type-post","status-publish","format-standard","has-post-thumbnail","hentry","category-destaque"],"_links":{"self":[{"href":"https:\/\/www.caririemacao.com\/1\/wp-json\/wp\/v2\/posts\/275029","targetHints":{"allow":["GET"]}}],"collection":[{"href":"https:\/\/www.caririemacao.com\/1\/wp-json\/wp\/v2\/posts"}],"about":[{"href":"https:\/\/www.caririemacao.com\/1\/wp-json\/wp\/v2\/types\/post"}],"author":[{"embeddable":true,"href":"https:\/\/www.caririemacao.com\/1\/wp-json\/wp\/v2\/users\/6"}],"replies":[{"embeddable":true,"href":"https:\/\/www.caririemacao.com\/1\/wp-json\/wp\/v2\/comments?post=275029"}],"version-history":[{"count":1,"href":"https:\/\/www.caririemacao.com\/1\/wp-json\/wp\/v2\/posts\/275029\/revisions"}],"predecessor-version":[{"id":275031,"href":"https:\/\/www.caririemacao.com\/1\/wp-json\/wp\/v2\/posts\/275029\/revisions\/275031"}],"wp:featuredmedia":[{"embeddable":true,"href":"https:\/\/www.caririemacao.com\/1\/wp-json\/wp\/v2\/media\/275030"}],"wp:attachment":[{"href":"https:\/\/www.caririemacao.com\/1\/wp-json\/wp\/v2\/media?parent=275029"}],"wp:term":[{"taxonomy":"category","embeddable":true,"href":"https:\/\/www.caririemacao.com\/1\/wp-json\/wp\/v2\/categories?post=275029"},{"taxonomy":"post_tag","embeddable":true,"href":"https:\/\/www.caririemacao.com\/1\/wp-json\/wp\/v2\/tags?post=275029"}],"curies":[{"name":"wp","href":"https:\/\/api.w.org\/{rel}","templated":true}]}}