{"id":275033,"date":"2023-09-23T06:52:07","date_gmt":"2023-09-23T09:52:07","guid":{"rendered":"https:\/\/www.caririemacao.com\/1\/?p=275033"},"modified":"2023-09-23T06:52:07","modified_gmt":"2023-09-23T09:52:07","slug":"ex-carcereiro-de-lula-em-curitiba-e-chamado-para-trabalhar-na-presidencia-da-republica","status":"publish","type":"post","link":"https:\/\/www.caririemacao.com\/1\/2023\/09\/23\/ex-carcereiro-de-lula-em-curitiba-e-chamado-para-trabalhar-na-presidencia-da-republica\/","title":{"rendered":"Ex-carcereiro de Lula em Curitiba \u00e9 chamado para trabalhar na Presid\u00eancia da Rep\u00fablica"},"content":{"rendered":"<div class=\"subtitulo mb-3\"><em><strong>Paulo Rocha Gon\u00e7alves J\u00fanior desenvolveu amizade com o presidente durante o tempo em que o petista esteve preso no PR<\/strong><\/em><\/div>\n<div><\/div>\n<div>O governo federal nomeou o policial federal Paulo Rocha Gon\u00e7alves J\u00fanior, ex-carcereiro de Luiz In\u00e1cio Lula da Silva (PT) em Curitiba, para trabalhar na Presid\u00eancia da Rep\u00fablica. A portaria foi publicada na \u00faltima quinta-feira (21) no Di\u00e1rio Oficial da Uni\u00e3o (D.O.U.) e \u00e9 assinada pelo secret\u00e1rio-executivo do Minist\u00e9rio da Justi\u00e7a e da Seguran\u00e7a P\u00fablica, Ricardo Cappelli.<\/div>\n<div>\n<p>O agente, mais conhecido como Paul\u00e3o, esteve com Lula entre 2018 e 2019, per\u00edodo em que o\u00a0petista estava preso na Superintend\u00eancia da Pol\u00edcia Federal no Paran\u00e1.\u00a0O presidente ficou detido por 580 dias por ter sido condenado, em primeira e segunda inst\u00e2ncias, pelo caso do s\u00edtio de Atibaia, em S\u00e3o Paulo. No per\u00edodo, eles desenvolveram uma amizade.<\/p>\n<p>Como noticiou o\u00a0R7, o\u00a0Minist\u00e9rio da Justi\u00e7a e Seguran\u00e7a P\u00fablica estuda a cria\u00e7\u00e3o de uma diretoria na Pol\u00edcia Federal\u00a0para ficar respons\u00e1vel pela seguran\u00e7a presidencial, mas enfrenta resist\u00eancia de outros setores do governo. Desde o in\u00edcio do mandato de Lula, o tema tem causado conflito entre a corpora\u00e7\u00e3o e o Gabinete de Seguran\u00e7a Institucional (GSI), que hoje \u00e9 respons\u00e1vel pela seguran\u00e7a do presidente, em um formato que j\u00e1 conta com a participa\u00e7\u00e3o de policiais federais.<\/p>\n<p>O Minist\u00e9rio da Justi\u00e7a e Seguran\u00e7a P\u00fablica trabalha na elabora\u00e7\u00e3o de um decreto para incluir a seguran\u00e7a presidencial entre as compet\u00eancias da pasta e da Pol\u00edcia Federal. A ideia do minist\u00e9rio \u00e9 criar, no \u00e2mbito da PF, uma Diretoria de Seguran\u00e7a Presidencial e Prote\u00e7\u00e3o \u00e0 Pessoa, com atribui\u00e7\u00f5es relacionadas \u00e0 seguran\u00e7a do presidente da Rep\u00fablica, do vice-presidente da Rep\u00fablica e dos familiares de ambos.<\/p>\n<p>A proposta da pasta foi enviada para an\u00e1lise do Minist\u00e9rio da Gest\u00e3o e da Inova\u00e7\u00e3o em Servi\u00e7os P\u00fablicos, que em um primeiro momento se declarou contr\u00e1rio \u00e0 cria\u00e7\u00e3o da diretoria. A reportagem teve acesso a uma manifesta\u00e7\u00e3o da pasta que destaca que o GSI j\u00e1 conta com uma secretaria para cuidar exclusivamente da seguran\u00e7a do presidente, chamada de Secretaria de Seguran\u00e7a Presidencial, e diz que instituir um novo \u00f3rg\u00e3o para exercer a mesma fun\u00e7\u00e3o n\u00e3o \u00e9 recomend\u00e1vel.<\/p>\n<h3 id=\"h-mudancas-na-seguranca-de-lula\" class=\"wp-block-heading\">Mudan\u00e7as na seguran\u00e7a de Lula<\/h3>\n<p>Do in\u00edcio do ano at\u00e9 o fim de junho, quem fez a seguran\u00e7a do presidente foi a Secretaria Extraordin\u00e1ria de Seguran\u00e7a Imediata do Presidente da Rep\u00fablica, criada por um decreto assinado por Lula em janeiro, ap\u00f3s os epis\u00f3dios de vandalismo em Bras\u00edlia ocorridos no dia 8 daquele m\u00eas.<\/p>\n<p>Parte dos integrantes dessa secretaria eram policiais federais, entre delegados e agentes, mas militares das For\u00e7as Armadas tamb\u00e9m participavam do \u00f3rg\u00e3o. O GSI n\u00e3o foi totalmente isolado das fun\u00e7\u00f5es de proteger Lula \u2014 no entanto, os policiais ficavam mais pr\u00f3ximos do presidente, sendo respons\u00e1veis pela seguran\u00e7a imediata dele. Os servidores do GSI cuidavam da seguran\u00e7a das instala\u00e7\u00f5es e de eventos que tinham a participa\u00e7\u00e3o do chefe do Executivo federal.<\/p>\n<p>FONTE: Portal Correio<\/p>\n<\/div>\n","protected":false},"excerpt":{"rendered":"<p>Paulo Rocha Gon\u00e7alves J\u00fanior desenvolveu amizade com o presidente durante o tempo em que o petista esteve preso no PR O governo federal nomeou o&hellip; <\/p>\n","protected":false},"author":6,"featured_media":275034,"comment_status":"closed","ping_status":"closed","sticky":false,"template":"","format":"standard","meta":{"sfsi_plus_gutenberg_text_before_share":"","sfsi_plus_gutenberg_show_text_before_share":"","sfsi_plus_gutenberg_icon_type":"","sfsi_plus_gutenberg_icon_alignemt":"","sfsi_plus_gutenburg_max_per_row":"","footnotes":""},"categories":[50,11],"tags":[],"class_list":["post-275033","post","type-post","status-publish","format-standard","has-post-thumbnail","hentry","category-destaque","category-politica"],"_links":{"self":[{"href":"https:\/\/www.caririemacao.com\/1\/wp-json\/wp\/v2\/posts\/275033","targetHints":{"allow":["GET"]}}],"collection":[{"href":"https:\/\/www.caririemacao.com\/1\/wp-json\/wp\/v2\/posts"}],"about":[{"href":"https:\/\/www.caririemacao.com\/1\/wp-json\/wp\/v2\/types\/post"}],"author":[{"embeddable":true,"href":"https:\/\/www.caririemacao.com\/1\/wp-json\/wp\/v2\/users\/6"}],"replies":[{"embeddable":true,"href":"https:\/\/www.caririemacao.com\/1\/wp-json\/wp\/v2\/comments?post=275033"}],"version-history":[{"count":1,"href":"https:\/\/www.caririemacao.com\/1\/wp-json\/wp\/v2\/posts\/275033\/revisions"}],"predecessor-version":[{"id":275035,"href":"https:\/\/www.caririemacao.com\/1\/wp-json\/wp\/v2\/posts\/275033\/revisions\/275035"}],"wp:featuredmedia":[{"embeddable":true,"href":"https:\/\/www.caririemacao.com\/1\/wp-json\/wp\/v2\/media\/275034"}],"wp:attachment":[{"href":"https:\/\/www.caririemacao.com\/1\/wp-json\/wp\/v2\/media?parent=275033"}],"wp:term":[{"taxonomy":"category","embeddable":true,"href":"https:\/\/www.caririemacao.com\/1\/wp-json\/wp\/v2\/categories?post=275033"},{"taxonomy":"post_tag","embeddable":true,"href":"https:\/\/www.caririemacao.com\/1\/wp-json\/wp\/v2\/tags?post=275033"}],"curies":[{"name":"wp","href":"https:\/\/api.w.org\/{rel}","templated":true}]}}