{"id":275533,"date":"2023-10-04T09:18:50","date_gmt":"2023-10-04T12:18:50","guid":{"rendered":"https:\/\/www.caririemacao.com\/1\/?p=275533"},"modified":"2023-10-04T09:19:08","modified_gmt":"2023-10-04T12:19:08","slug":"inmet-emite-alerta-de-baixa-umidade-para-21-cidades-do-cariri","status":"publish","type":"post","link":"https:\/\/www.caririemacao.com\/1\/2023\/10\/04\/inmet-emite-alerta-de-baixa-umidade-para-21-cidades-do-cariri\/","title":{"rendered":"Inmet emite alerta de baixa umidade para 21 cidades do Cariri"},"content":{"rendered":"<p>O Instituto Nacional de Meteorologia (Inmet) emitiu um novo alerta de baixa umidade para a Para\u00edba. Ele \u00e9 v\u00e1lido para 119 munic\u00edpios espalhados pelas regi\u00f5es Agreste, Curimata\u00fa, Cariri e Sert\u00e3o do estado, at\u00e9 as 19h da pr\u00f3xima sexta-feira (06). A umidade relativa do ar poder\u00e1 variar entre 30% e 20%.<\/p>\n<p>Entre as recomenda\u00e7\u00f5es a quem estiver nas \u00e1reas abrangidas est\u00e3o beber bastante l\u00edquido, evitar desgaste f\u00edsico nas horas mais secas e evitar exposi\u00e7\u00e3o ao sol nas horas mais quentes do dia. Apesar das recomenda\u00e7\u00f5es, segundo o Inmet h\u00e1 baixo risco de inc\u00eandios florestais e \u00e0 sa\u00fade. De acordo com a Ag\u00eancia Executiva de Gest\u00e3o das \u00c1guas da Para\u00edba (Aesa), ao longo do dia de hoje (04) o tempo deve estar com bastante sol e poucas nuvens no estado<\/p>\n<p>\u201cA condi\u00e7\u00e3o de reduzida nebulosidade permanece em praticamente todo estado da Para\u00edba. No decorrer do dia o tempo dever\u00e1 permanecer com sol e poucas nuvens favorecendo os registros de altas temperaturas e baixos \u00edndices de umidade relativa do ar, principalmente no per\u00edodo da tarde, sobre o setor centro\/oeste\u201d, informou a Aesa em boletim.<\/p>\n<p>As temperaturas m\u00e1ximas para hoje (04) devem ser registradas no Sert\u00e3o e Alto Sert\u00e3o, com 38\u00ba e 37\u00ba, respectivamente. J\u00e1 as m\u00ednimas ficam com o Brejo e Agreste, com 19\u00ba e 20\u00ba. No Cariri\/Curimata\u00fa tamb\u00e9m deve ser registrada a m\u00ednima de 20\u00ba.<\/p>\n<p><strong>| Confira lista de munic\u00edpios abrangidos pelo alerta:<\/strong><\/p>\n<ol>\n<li>\u00c1gua Branca<\/li>\n<li>Aguiar<\/li>\n<li><strong>Amparo\u00a0\u00a0<\/strong><\/li>\n<li>Aparecida<\/li>\n<li>Areia de Bara\u00fanas<\/li>\n<li><strong>Assun\u00e7\u00e3o\u00a0<\/strong><\/li>\n<li>Bel\u00e9m do Brejo do Cruz<\/li>\n<li>Bernardino Batista<\/li>\n<li>Boa Ventura<\/li>\n<li>Bom Jesus<\/li>\n<li>Bom Sucesso<\/li>\n<li>Bonito de Santa F\u00e9<\/li>\n<li>Brejo do Cruz<\/li>\n<li>Brejo dos Santos<\/li>\n<li>Cachoeira dos \u00cdndios<\/li>\n<li>Cacimba de Areia<\/li>\n<li>Cacimbas<\/li>\n<li>Cajazeiras<\/li>\n<li>Cajazeirinhas<\/li>\n<li><strong>Camala\u00fa\u00a0\u00a0<\/strong><\/li>\n<li><strong>Cara\u00fabas\u00a0\u00a0<\/strong><\/li>\n<li>Carrapateira<\/li>\n<li>Catingueira<\/li>\n<li>Catol\u00e9 do Rocha<\/li>\n<li>Concei\u00e7\u00e3o<\/li>\n<li>Condado<\/li>\n<li><strong>Congo\u00a0<\/strong><\/li>\n<li>Coremas<\/li>\n<li><strong>Coxixola\u00a0\u00a0<\/strong><\/li>\n<li>Cubati<\/li>\n<li>Curral Velho<\/li>\n<li>Desterro<\/li>\n<li>Diamante<\/li>\n<li>Emas<\/li>\n<li>Frei Martinho<\/li>\n<li><strong>Gurj\u00e3o<\/strong><\/li>\n<li>Ibiara<\/li>\n<li>Igaracy<\/li>\n<li>Imaculada<\/li>\n<li>Itaporanga<\/li>\n<li>Jeric\u00f3<\/li>\n<li>Joca Claudino<\/li>\n<li>Juazeirinho<\/li>\n<li>Junco do Serid\u00f3<\/li>\n<li>Juru<\/li>\n<li>Lagoa<\/li>\n<li>Lastro<\/li>\n<li><strong>Livramento\u00a0<\/strong><\/li>\n<li>M\u00e3e d\u2019\u00c1gua<\/li>\n<li>Malta<\/li>\n<li>Mana\u00edra<\/li>\n<li>Mariz\u00f3polis<\/li>\n<li>Mato Grosso<\/li>\n<li>Matur\u00e9ia<\/li>\n<li>Monte Horebe<\/li>\n<li><strong>Monteiro\u00a0\u00a0\u00a0<\/strong><\/li>\n<li>Nazarezinho<\/li>\n<li>Nova Olinda<\/li>\n<li>Nova Palmeira<\/li>\n<li>Olho d\u2019\u00c1gua<\/li>\n<li><strong>Ouro Velho\u00a0<\/strong><\/li>\n<li><strong>Parari\u00a0\u00a0 \u00a0<\/strong><\/li>\n<li>Passagem<\/li>\n<li>Patos<\/li>\n<li>Paulista<\/li>\n<li>Pedra Branca<\/li>\n<li>Pedra Lavrada<\/li>\n<li>Pianc\u00f3<\/li>\n<li>Picu\u00ed<\/li>\n<li>Po\u00e7o Dantas<\/li>\n<li>Po\u00e7o de Jos\u00e9 de Moura<\/li>\n<li>Pombal<\/li>\n<li><strong>Prata\u00a0\u00a0\u00a0<\/strong><\/li>\n<li>Princesa Isabel<\/li>\n<li>Quixaba<\/li>\n<li>Riacho dos Cavalos<\/li>\n<li>Salgadinho<\/li>\n<li>Santa Cruz<\/li>\n<li>Santa Helena<\/li>\n<li>Santa In\u00eas<\/li>\n<li>Santa Luzia<\/li>\n<li>Santa Teresinha<\/li>\n<li>Santana de Mangueira<\/li>\n<li>Santana dos Garrotes<\/li>\n<li><strong>Santo Andr\u00e9\u00a0\u00a0<\/strong><\/li>\n<li>S\u00e3o Bentinho<\/li>\n<li>S\u00e3o Bento<\/li>\n<li>S\u00e3o Domingos<\/li>\n<li>S\u00e3o Francisco<\/li>\n<li><strong>S\u00e3o Jo\u00e3o do Cariri\u00a0\u00a0 \u00a0<\/strong><\/li>\n<li>S\u00e3o Jo\u00e3o do Rio do Peixe<\/li>\n<li><strong>S\u00e3o Jo\u00e3o do Tigre\u00a0\u00a0\u00a0<\/strong><\/li>\n<li>S\u00e3o Jos\u00e9 da Lagoa Tapada<\/li>\n<li>S\u00e3o Jos\u00e9 de Caiana<\/li>\n<li>S\u00e3o Jos\u00e9 de Espinharas<\/li>\n<li>S\u00e3o Jos\u00e9 de Piranhas<\/li>\n<li>S\u00e3o Jos\u00e9 de Princesa<\/li>\n<li>S\u00e3o Jos\u00e9 do Bonfim<\/li>\n<li>S\u00e3o Jos\u00e9 do Brejo do Cruz<\/li>\n<li>S\u00e3o Jos\u00e9 do Sabugi<\/li>\n<li><strong>S\u00e3o Jos\u00e9 dos Cordeiros\u00a0\u00a0 \u00a0<\/strong><\/li>\n<li>S\u00e3o Mamede<\/li>\n<li><strong>S\u00e3o Sebasti\u00e3o do Umbuzeiro\u00a0\u00a0\u00a0<\/strong><\/li>\n<li>S\u00e3o Vicente do Serid\u00f3<\/li>\n<li><strong>Serra Branca\u00a0\u00a0\u00a0<\/strong><\/li>\n<li>Serra Grande<\/li>\n<li>Soledade<\/li>\n<li>Sousa<\/li>\n<li><strong>Sum\u00e9\u00a0\u00a0<\/strong><\/li>\n<li><strong>Tapero\u00e1\u00a0\u00a0\u00a0<\/strong><\/li>\n<li>Tavares<\/li>\n<li>Teixeira<\/li>\n<li>Ten\u00f3rio<\/li>\n<li>Triunfo<\/li>\n<li>Uira\u00fana<\/li>\n<li>V\u00e1rzea<\/li>\n<li>Vieir\u00f3polis<\/li>\n<li>Vista Serrana<\/li>\n<li><strong>Zabel\u00ea<\/strong><\/li>\n<\/ol>\n","protected":false},"excerpt":{"rendered":"<p>O Instituto Nacional de Meteorologia (Inmet) emitiu um novo alerta de baixa umidade para a Para\u00edba. Ele \u00e9 v\u00e1lido para 119 munic\u00edpios espalhados pelas regi\u00f5es Agreste, Curimata\u00fa, Cariri e Sert\u00e3o do estado, at\u00e9 as 19h da pr\u00f3xima sexta-feira (06). A umidade relativa do ar poder\u00e1 variar entre 30% e 20%. Entre as recomenda\u00e7\u00f5es a quem estiver nas \u00e1reas abrangidas est\u00e3o beber bastante l\u00edquido, evitar desgaste f\u00edsico nas horas mais secas e evitar exposi\u00e7\u00e3o ao sol nas horas mais quentes do dia. Apesar das recomenda\u00e7\u00f5es, segundo o Inmet h\u00e1 baixo risco de inc\u00eandios florestais e \u00e0 sa\u00fade. De acordo com a Ag\u00eancia Executiva de Gest\u00e3o das \u00c1guas da Para\u00edba (Aesa), ao longo do dia de hoje (04) o tempo deve estar com bastante sol e poucas nuvens no estado \u201cA condi\u00e7\u00e3o de reduzida nebulosidade permanece em praticamente todo estado da Para\u00edba. No decorrer do dia o tempo dever\u00e1 permanecer com sol e poucas nuvens favorecendo os registros de altas temperaturas e baixos \u00edndices de umidade relativa do ar, principalmente no per\u00edodo da tarde, sobre o setor centro\/oeste\u201d, informou a Aesa em boletim. As temperaturas m\u00e1ximas para hoje (04) devem ser registradas no Sert\u00e3o e Alto Sert\u00e3o, com 38\u00ba e 37\u00ba, respectivamente. J\u00e1 as m\u00ednimas ficam com o Brejo e Agreste, com 19\u00ba e 20\u00ba. No Cariri\/Curimata\u00fa tamb\u00e9m deve ser registrada a m\u00ednima de 20\u00ba. | Confira lista de munic\u00edpios abrangidos pelo alerta: \u00c1gua Branca Aguiar Amparo\u00a0\u00a0 Aparecida Areia de Bara\u00fanas Assun\u00e7\u00e3o\u00a0 Bel\u00e9m do Brejo do Cruz Bernardino Batista Boa Ventura Bom Jesus Bom Sucesso Bonito de Santa F\u00e9 Brejo do Cruz Brejo dos Santos Cachoeira dos \u00cdndios Cacimba de Areia Cacimbas Cajazeiras Cajazeirinhas Camala\u00fa\u00a0\u00a0 Cara\u00fabas\u00a0\u00a0 Carrapateira Catingueira Catol\u00e9 do Rocha Concei\u00e7\u00e3o Condado Congo\u00a0 Coremas Coxixola\u00a0\u00a0 Cubati Curral Velho Desterro Diamante Emas Frei Martinho Gurj\u00e3o Ibiara Igaracy Imaculada Itaporanga Jeric\u00f3 Joca Claudino Juazeirinho Junco do Serid\u00f3 Juru Lagoa Lastro Livramento\u00a0 M\u00e3e d\u2019\u00c1gua Malta Mana\u00edra Mariz\u00f3polis Mato Grosso Matur\u00e9ia Monte Horebe Monteiro\u00a0\u00a0\u00a0 Nazarezinho Nova Olinda Nova Palmeira Olho d\u2019\u00c1gua Ouro Velho\u00a0 Parari\u00a0\u00a0 \u00a0 Passagem Patos Paulista Pedra Branca Pedra Lavrada Pianc\u00f3 Picu\u00ed Po\u00e7o Dantas Po\u00e7o de Jos\u00e9 de Moura Pombal Prata\u00a0\u00a0\u00a0 Princesa Isabel Quixaba Riacho dos Cavalos Salgadinho Santa Cruz Santa Helena Santa In\u00eas Santa Luzia Santa Teresinha Santana de Mangueira Santana dos Garrotes Santo Andr\u00e9\u00a0\u00a0 S\u00e3o Bentinho S\u00e3o Bento S\u00e3o Domingos S\u00e3o Francisco S\u00e3o Jo\u00e3o do Cariri\u00a0\u00a0 \u00a0 S\u00e3o Jo\u00e3o do Rio do Peixe S\u00e3o Jo\u00e3o do Tigre\u00a0\u00a0\u00a0 S\u00e3o Jos\u00e9 da Lagoa Tapada S\u00e3o Jos\u00e9 de Caiana S\u00e3o Jos\u00e9 de Espinharas S\u00e3o Jos\u00e9 de Piranhas S\u00e3o Jos\u00e9 de Princesa S\u00e3o Jos\u00e9 do Bonfim S\u00e3o Jos\u00e9 do Brejo do Cruz S\u00e3o Jos\u00e9 do Sabugi S\u00e3o Jos\u00e9 dos Cordeiros\u00a0\u00a0 \u00a0 S\u00e3o Mamede S\u00e3o Sebasti\u00e3o do Umbuzeiro\u00a0\u00a0\u00a0 S\u00e3o Vicente do Serid\u00f3 Serra Branca\u00a0\u00a0\u00a0 Serra Grande Soledade Sousa Sum\u00e9\u00a0\u00a0 Tapero\u00e1\u00a0\u00a0\u00a0 Tavares Teixeira Ten\u00f3rio Triunfo Uira\u00fana V\u00e1rzea Vieir\u00f3polis Vista Serrana Zabel\u00ea<\/p>\n","protected":false},"author":6,"featured_media":275534,"comment_status":"closed","ping_status":"closed","sticky":false,"template":"","format":"standard","meta":{"sfsi_plus_gutenberg_text_before_share":"","sfsi_plus_gutenberg_show_text_before_share":"","sfsi_plus_gutenberg_icon_type":"","sfsi_plus_gutenberg_icon_alignemt":"","sfsi_plus_gutenburg_max_per_row":"","footnotes":""},"categories":[106,50,1],"tags":[],"class_list":["post-275533","post","type-post","status-publish","format-standard","has-post-thumbnail","hentry","category-cariri","category-destaque","category-o-site"],"_links":{"self":[{"href":"https:\/\/www.caririemacao.com\/1\/wp-json\/wp\/v2\/posts\/275533","targetHints":{"allow":["GET"]}}],"collection":[{"href":"https:\/\/www.caririemacao.com\/1\/wp-json\/wp\/v2\/posts"}],"about":[{"href":"https:\/\/www.caririemacao.com\/1\/wp-json\/wp\/v2\/types\/post"}],"author":[{"embeddable":true,"href":"https:\/\/www.caririemacao.com\/1\/wp-json\/wp\/v2\/users\/6"}],"replies":[{"embeddable":true,"href":"https:\/\/www.caririemacao.com\/1\/wp-json\/wp\/v2\/comments?post=275533"}],"version-history":[{"count":1,"href":"https:\/\/www.caririemacao.com\/1\/wp-json\/wp\/v2\/posts\/275533\/revisions"}],"predecessor-version":[{"id":275535,"href":"https:\/\/www.caririemacao.com\/1\/wp-json\/wp\/v2\/posts\/275533\/revisions\/275535"}],"wp:featuredmedia":[{"embeddable":true,"href":"https:\/\/www.caririemacao.com\/1\/wp-json\/wp\/v2\/media\/275534"}],"wp:attachment":[{"href":"https:\/\/www.caririemacao.com\/1\/wp-json\/wp\/v2\/media?parent=275533"}],"wp:term":[{"taxonomy":"category","embeddable":true,"href":"https:\/\/www.caririemacao.com\/1\/wp-json\/wp\/v2\/categories?post=275533"},{"taxonomy":"post_tag","embeddable":true,"href":"https:\/\/www.caririemacao.com\/1\/wp-json\/wp\/v2\/tags?post=275533"}],"curies":[{"name":"wp","href":"https:\/\/api.w.org\/{rel}","templated":true}]}}