{"id":275826,"date":"2023-10-11T09:48:32","date_gmt":"2023-10-11T12:48:32","guid":{"rendered":"https:\/\/www.caririemacao.com\/1\/?p=275826"},"modified":"2023-10-11T09:48:32","modified_gmt":"2023-10-11T12:48:32","slug":"policia-militar-cumpre-mandado-de-prisao-em-monteiro-durante-a-operacao-paradigma","status":"publish","type":"post","link":"https:\/\/www.caririemacao.com\/1\/2023\/10\/11\/policia-militar-cumpre-mandado-de-prisao-em-monteiro-durante-a-operacao-paradigma\/","title":{"rendered":"Pol\u00edcia Militar cumpre mandado de pris\u00e3o em Monteiro durante a Opera\u00e7\u00e3o Paradigma"},"content":{"rendered":"<p>Na noite desta \u00faltima ter\u00e7a-feira (10), por volta das 18h20min, durante a execu\u00e7\u00e3o da Opera\u00e7\u00e3o Paradigma, os policiais militares do 11\u00ba Batalh\u00e3o cumpriram um mandado de pris\u00e3o enquanto realizavam patrulhamento ostensivo no centro da cidade de Monteiro, no Cariri da Para\u00edba.<\/p>\n<p>Os militares da For\u00e7a T\u00e1tica identificaram um indiv\u00edduo com conhecimento de um mandado de pris\u00e3o em aberto. Ap\u00f3s abordagem e identifica\u00e7\u00e3o, E.F.S.S, de 29 anos, foi detido devido ao cometimento do crime de roubo mediante grave amea\u00e7a ou viol\u00eancia, com uso de arma de fogo. O crime ocorreu na cidade de Sum\u00e9, na Para\u00edba, no ano de 2019.<\/p>\n<p>O suspeito foi conduzido \u00e0 delegacia da Pol\u00edcia Civil para a realiza\u00e7\u00e3o das provid\u00eancias legais necess\u00e1rias.<\/p>\n","protected":false},"excerpt":{"rendered":"<p>Na noite desta \u00faltima ter\u00e7a-feira (10), por volta das 18h20min, durante a execu\u00e7\u00e3o da Opera\u00e7\u00e3o Paradigma, os policiais militares do 11\u00ba Batalh\u00e3o cumpriram um mandado&hellip; <\/p>\n","protected":false},"author":6,"featured_media":275827,"comment_status":"closed","ping_status":"closed","sticky":false,"template":"","format":"standard","meta":{"sfsi_plus_gutenberg_text_before_share":"","sfsi_plus_gutenberg_show_text_before_share":"","sfsi_plus_gutenberg_icon_type":"","sfsi_plus_gutenberg_icon_alignemt":"","sfsi_plus_gutenburg_max_per_row":"","footnotes":""},"categories":[50,81],"tags":[],"class_list":["post-275826","post","type-post","status-publish","format-standard","has-post-thumbnail","hentry","category-destaque","category-monteiro"],"_links":{"self":[{"href":"https:\/\/www.caririemacao.com\/1\/wp-json\/wp\/v2\/posts\/275826","targetHints":{"allow":["GET"]}}],"collection":[{"href":"https:\/\/www.caririemacao.com\/1\/wp-json\/wp\/v2\/posts"}],"about":[{"href":"https:\/\/www.caririemacao.com\/1\/wp-json\/wp\/v2\/types\/post"}],"author":[{"embeddable":true,"href":"https:\/\/www.caririemacao.com\/1\/wp-json\/wp\/v2\/users\/6"}],"replies":[{"embeddable":true,"href":"https:\/\/www.caririemacao.com\/1\/wp-json\/wp\/v2\/comments?post=275826"}],"version-history":[{"count":1,"href":"https:\/\/www.caririemacao.com\/1\/wp-json\/wp\/v2\/posts\/275826\/revisions"}],"predecessor-version":[{"id":275828,"href":"https:\/\/www.caririemacao.com\/1\/wp-json\/wp\/v2\/posts\/275826\/revisions\/275828"}],"wp:featuredmedia":[{"embeddable":true,"href":"https:\/\/www.caririemacao.com\/1\/wp-json\/wp\/v2\/media\/275827"}],"wp:attachment":[{"href":"https:\/\/www.caririemacao.com\/1\/wp-json\/wp\/v2\/media?parent=275826"}],"wp:term":[{"taxonomy":"category","embeddable":true,"href":"https:\/\/www.caririemacao.com\/1\/wp-json\/wp\/v2\/categories?post=275826"},{"taxonomy":"post_tag","embeddable":true,"href":"https:\/\/www.caririemacao.com\/1\/wp-json\/wp\/v2\/tags?post=275826"}],"curies":[{"name":"wp","href":"https:\/\/api.w.org\/{rel}","templated":true}]}}