{"id":275829,"date":"2023-10-11T09:50:20","date_gmt":"2023-10-11T12:50:20","guid":{"rendered":"https:\/\/www.caririemacao.com\/1\/?p=275829"},"modified":"2023-10-11T09:50:20","modified_gmt":"2023-10-11T12:50:20","slug":"nas-redes-sociais-pedro-cunha-lima-comenta-foto-de-tovar-e-joao-e-depois-apaga-a-politica-e-suas-decepcoes","status":"publish","type":"post","link":"https:\/\/www.caririemacao.com\/1\/2023\/10\/11\/nas-redes-sociais-pedro-cunha-lima-comenta-foto-de-tovar-e-joao-e-depois-apaga-a-politica-e-suas-decepcoes\/","title":{"rendered":"Nas redes sociais, Pedro Cunha Lima comenta foto de Tovar e Jo\u00e3o e depois apaga: \u201cA pol\u00edtica e suas decep\u00e7\u00f5es\u201d"},"content":{"rendered":"<p>O ex-deputado federal e presidente do PSDB da Para\u00edba, Pedro Cunha Lima, n\u00e3o gostou da foto em que o deputado estadual Tovar Correia Lima (PSDB) aparece sorrindo e apertando a m\u00e3o do governador Jo\u00e3o Azev\u00eado (PSB) durante a libera\u00e7\u00e3o das emendas legislativas ao or\u00e7amento do Estado nessa ter\u00e7a-feira (10).<\/p>\n<p>Nas redes sociais, Pedro republicou a imagem se dizendo decepcionado com Tovar. \u201cA pol\u00edtica e suas decep\u00e7\u00f5es. Vamos seguir em frente\u201d, escreveu.<\/p>\n<p><strong>Veja a postagem:\u00a0<\/strong><\/p>\n<p><img fetchpriority=\"high\" decoding=\"async\" class=\"alignnone size-full wp-image-318105\" src=\"https:\/\/fonte83.com.br\/wp-content\/uploads\/2023\/10\/IMG_0554.webp\" sizes=\"(max-width: 453px) 100vw, 453px\" srcset=\"https:\/\/fonte83.com.br\/wp-content\/uploads\/2023\/10\/IMG_0554.webp 453w, https:\/\/fonte83.com.br\/wp-content\/uploads\/2023\/10\/IMG_0554-212x300.webp 212w, https:\/\/fonte83.com.br\/wp-content\/uploads\/2023\/10\/IMG_0554-435x615.webp 435w, https:\/\/fonte83.com.br\/wp-content\/uploads\/2023\/10\/IMG_0554-214x303.webp 214w, https:\/\/fonte83.com.br\/wp-content\/uploads\/2023\/10\/IMG_0554-125x177.webp 125w, https:\/\/fonte83.com.br\/wp-content\/uploads\/2023\/10\/IMG_0554-202x286.webp 202w, https:\/\/fonte83.com.br\/wp-content\/uploads\/2023\/10\/IMG_0554-57x80.webp 57w\" alt=\"\" width=\"453\" height=\"640\" \/><\/p>\n","protected":false},"excerpt":{"rendered":"<p>O ex-deputado federal e presidente do PSDB da Para\u00edba, Pedro Cunha Lima, n\u00e3o gostou da foto em que o deputado estadual Tovar Correia Lima (PSDB)&hellip; <\/p>\n","protected":false},"author":6,"featured_media":272470,"comment_status":"closed","ping_status":"closed","sticky":false,"template":"","format":"standard","meta":{"sfsi_plus_gutenberg_text_before_share":"","sfsi_plus_gutenberg_show_text_before_share":"","sfsi_plus_gutenberg_icon_type":"","sfsi_plus_gutenberg_icon_alignemt":"","sfsi_plus_gutenburg_max_per_row":"","footnotes":""},"categories":[50,104,11],"tags":[],"class_list":["post-275829","post","type-post","status-publish","format-standard","has-post-thumbnail","hentry","category-destaque","category-paraiba","category-politica"],"_links":{"self":[{"href":"https:\/\/www.caririemacao.com\/1\/wp-json\/wp\/v2\/posts\/275829","targetHints":{"allow":["GET"]}}],"collection":[{"href":"https:\/\/www.caririemacao.com\/1\/wp-json\/wp\/v2\/posts"}],"about":[{"href":"https:\/\/www.caririemacao.com\/1\/wp-json\/wp\/v2\/types\/post"}],"author":[{"embeddable":true,"href":"https:\/\/www.caririemacao.com\/1\/wp-json\/wp\/v2\/users\/6"}],"replies":[{"embeddable":true,"href":"https:\/\/www.caririemacao.com\/1\/wp-json\/wp\/v2\/comments?post=275829"}],"version-history":[{"count":1,"href":"https:\/\/www.caririemacao.com\/1\/wp-json\/wp\/v2\/posts\/275829\/revisions"}],"predecessor-version":[{"id":275830,"href":"https:\/\/www.caririemacao.com\/1\/wp-json\/wp\/v2\/posts\/275829\/revisions\/275830"}],"wp:featuredmedia":[{"embeddable":true,"href":"https:\/\/www.caririemacao.com\/1\/wp-json\/wp\/v2\/media\/272470"}],"wp:attachment":[{"href":"https:\/\/www.caririemacao.com\/1\/wp-json\/wp\/v2\/media?parent=275829"}],"wp:term":[{"taxonomy":"category","embeddable":true,"href":"https:\/\/www.caririemacao.com\/1\/wp-json\/wp\/v2\/categories?post=275829"},{"taxonomy":"post_tag","embeddable":true,"href":"https:\/\/www.caririemacao.com\/1\/wp-json\/wp\/v2\/tags?post=275829"}],"curies":[{"name":"wp","href":"https:\/\/api.w.org\/{rel}","templated":true}]}}