{"id":275831,"date":"2023-10-11T09:53:14","date_gmt":"2023-10-11T12:53:14","guid":{"rendered":"https:\/\/www.caririemacao.com\/1\/?p=275831"},"modified":"2023-10-11T09:53:14","modified_gmt":"2023-10-11T12:53:14","slug":"prefeita-paraibana-registra-bo-apos-ser-ameacada-de-morte-por-adversario-politico","status":"publish","type":"post","link":"https:\/\/www.caririemacao.com\/1\/2023\/10\/11\/prefeita-paraibana-registra-bo-apos-ser-ameacada-de-morte-por-adversario-politico\/","title":{"rendered":"Prefeita paraibana registra BO ap\u00f3s ser amea\u00e7ada de morte por advers\u00e1rio pol\u00edtico"},"content":{"rendered":"<p>A prefeita Pitimbu Adelma Cristovam registou um boletim de ocorr\u00eancia, nesta segunda-feira (10), Essa a\u00e7\u00e3o se deu em resposta a amea\u00e7as de morte que a gestora sofreu no fim de semana, atrav\u00e9s de \u00e1udios circulando em grupos de Whatsapp.<\/p>\n<p>Nesses \u00e1udios, um homem identificado como \u2018Peixoto\u2019 fazia amea\u00e7as diretas \u00e0 prefeita, sugerindo que a atropelaria. Em trechos do \u00e1udio, \u2018Peixoto\u2019, que \u00e9 advers\u00e1rio politico da gestora dizia: \u201cO problema \u00e9 que eu vou estar envolvendo a Adelma. Manda ela ficar s\u00f3 na frente do meu veloc\u00edpede (carro), no dia que eu tiver magoado da vida. Manda ela atravessar s\u00f3 na frente do meu veloc\u00edpede, ver se n\u00e3o vai faltar freio. Mas manda essa mulher pro inferno\u201d.<\/p>\n<p>Adelma Cristovam respondeu as essas amea\u00e7as e afirmou que ir\u00e1 procurar a Justi\u00e7a. \u201cComo a primeira mulher prefeita de Pitimbu, como m\u00e3e, como professora, como mulher, eles podem at\u00e9 tentar me intimidar, mas n\u00e3o sabem que precisam fazer mais que isso. Se pensam que me meter\u00e3o medo, eu deixo um recado claro: a justi\u00e7a e a pol\u00edcia lidar\u00e3o com pessoas deste tipo, e eu continuarei fazendo a melhor gest\u00e3o que Pitimbu j\u00e1 viu.\u201d, disse a gestora<\/p>\n<p>O advogado Jos\u00e9 Augusto Meirelles, representante legal da prefeita, afirmou que est\u00e1 tomando as medidas judiciais cab\u00edveis e pretende processar criminalmente o homem que amea\u00e7ou a prefeita.<\/p>\n<p>Com Para\u00edba J\u00e1<\/p>\n","protected":false},"excerpt":{"rendered":"<p>A prefeita Pitimbu Adelma Cristovam registou um boletim de ocorr\u00eancia, nesta segunda-feira (10), Essa a\u00e7\u00e3o se deu em resposta a amea\u00e7as de morte que a&hellip; <\/p>\n","protected":false},"author":6,"featured_media":275832,"comment_status":"closed","ping_status":"closed","sticky":false,"template":"","format":"standard","meta":{"sfsi_plus_gutenberg_text_before_share":"","sfsi_plus_gutenberg_show_text_before_share":"","sfsi_plus_gutenberg_icon_type":"","sfsi_plus_gutenberg_icon_alignemt":"","sfsi_plus_gutenburg_max_per_row":"","footnotes":""},"categories":[50,104],"tags":[],"class_list":["post-275831","post","type-post","status-publish","format-standard","has-post-thumbnail","hentry","category-destaque","category-paraiba"],"_links":{"self":[{"href":"https:\/\/www.caririemacao.com\/1\/wp-json\/wp\/v2\/posts\/275831","targetHints":{"allow":["GET"]}}],"collection":[{"href":"https:\/\/www.caririemacao.com\/1\/wp-json\/wp\/v2\/posts"}],"about":[{"href":"https:\/\/www.caririemacao.com\/1\/wp-json\/wp\/v2\/types\/post"}],"author":[{"embeddable":true,"href":"https:\/\/www.caririemacao.com\/1\/wp-json\/wp\/v2\/users\/6"}],"replies":[{"embeddable":true,"href":"https:\/\/www.caririemacao.com\/1\/wp-json\/wp\/v2\/comments?post=275831"}],"version-history":[{"count":1,"href":"https:\/\/www.caririemacao.com\/1\/wp-json\/wp\/v2\/posts\/275831\/revisions"}],"predecessor-version":[{"id":275833,"href":"https:\/\/www.caririemacao.com\/1\/wp-json\/wp\/v2\/posts\/275831\/revisions\/275833"}],"wp:featuredmedia":[{"embeddable":true,"href":"https:\/\/www.caririemacao.com\/1\/wp-json\/wp\/v2\/media\/275832"}],"wp:attachment":[{"href":"https:\/\/www.caririemacao.com\/1\/wp-json\/wp\/v2\/media?parent=275831"}],"wp:term":[{"taxonomy":"category","embeddable":true,"href":"https:\/\/www.caririemacao.com\/1\/wp-json\/wp\/v2\/categories?post=275831"},{"taxonomy":"post_tag","embeddable":true,"href":"https:\/\/www.caririemacao.com\/1\/wp-json\/wp\/v2\/tags?post=275831"}],"curies":[{"name":"wp","href":"https:\/\/api.w.org\/{rel}","templated":true}]}}