{"id":275834,"date":"2023-10-11T09:54:22","date_gmt":"2023-10-11T12:54:22","guid":{"rendered":"https:\/\/www.caririemacao.com\/1\/?p=275834"},"modified":"2023-10-11T09:54:22","modified_gmt":"2023-10-11T12:54:22","slug":"primeiro-aviao-da-fab-com-brasileiros-de-israel-chega-a-brasilia","status":"publish","type":"post","link":"https:\/\/www.caririemacao.com\/1\/2023\/10\/11\/primeiro-aviao-da-fab-com-brasileiros-de-israel-chega-a-brasilia\/","title":{"rendered":"Primeiro avi\u00e3o da FAB com brasileiros de Israel chega a Bras\u00edlia"},"content":{"rendered":"<p>Ap\u00f3s 14 horas de voo, o avi\u00e3o da\u00a0For\u00e7a A\u00e9rea Brasileira (FAB), que resgatou 211 brasileiros que estavam em\u00a0Israel, chegou a Bras\u00edlia nesta quarta-feira (11).<\/p>\n<p>A aeronave KC-30 deixou Tel Aviv na ter\u00e7a-feira (10) \u00e0s 14h12 (hor\u00e1rio de Bras\u00edlia).<\/p>\n<p>Cerca de 107 passageiros desembarcaram em Bras\u00edlia, enquanto 104 seguiram para o Rio de Janeiro em avi\u00e3o da FAB.<\/p>\n<p>Segundo o Itamaraty, outros cinco voos devem partir para Israel at\u00e9 domingo (15) para resgatar brasileiros que est\u00e3o na regi\u00e3o.<\/p>\n<p>A Embaixada em Tel Aviv continua recebendo, por meio de\u00a0<a href=\"https:\/\/www.gov.br\/mre\/pt-br\/embaixada-tel-aviv\"><strong>formul\u00e1rio on-line<\/strong><\/a>, os dados de brasileiros interessados em repatria\u00e7\u00e3o.<\/p>\n<p>A diplomacia brasileira tamb\u00e9m est\u00e1 em\u00a0negocia\u00e7\u00e3o com o Egito\u00a0para resgatar brasileiros na\u00a0Faixa de Gaza.<\/p>\n<p>Hamas e\u00a0Israel est\u00e3o em guerra desde s\u00e1bado (7).<\/p>\n<p>&nbsp;<\/p>\n<p>O Antagonista<\/p>\n","protected":false},"excerpt":{"rendered":"<p>Ap\u00f3s 14 horas de voo, o avi\u00e3o da\u00a0For\u00e7a A\u00e9rea Brasileira (FAB), que resgatou 211 brasileiros que estavam em\u00a0Israel, chegou a Bras\u00edlia nesta quarta-feira (11). A&hellip; <\/p>\n","protected":false},"author":6,"featured_media":275835,"comment_status":"closed","ping_status":"closed","sticky":false,"template":"","format":"standard","meta":{"sfsi_plus_gutenberg_text_before_share":"","sfsi_plus_gutenberg_show_text_before_share":"","sfsi_plus_gutenberg_icon_type":"","sfsi_plus_gutenberg_icon_alignemt":"","sfsi_plus_gutenburg_max_per_row":"","footnotes":""},"categories":[123,50],"tags":[],"class_list":["post-275834","post","type-post","status-publish","format-standard","has-post-thumbnail","hentry","category-brasil","category-destaque"],"_links":{"self":[{"href":"https:\/\/www.caririemacao.com\/1\/wp-json\/wp\/v2\/posts\/275834","targetHints":{"allow":["GET"]}}],"collection":[{"href":"https:\/\/www.caririemacao.com\/1\/wp-json\/wp\/v2\/posts"}],"about":[{"href":"https:\/\/www.caririemacao.com\/1\/wp-json\/wp\/v2\/types\/post"}],"author":[{"embeddable":true,"href":"https:\/\/www.caririemacao.com\/1\/wp-json\/wp\/v2\/users\/6"}],"replies":[{"embeddable":true,"href":"https:\/\/www.caririemacao.com\/1\/wp-json\/wp\/v2\/comments?post=275834"}],"version-history":[{"count":1,"href":"https:\/\/www.caririemacao.com\/1\/wp-json\/wp\/v2\/posts\/275834\/revisions"}],"predecessor-version":[{"id":275836,"href":"https:\/\/www.caririemacao.com\/1\/wp-json\/wp\/v2\/posts\/275834\/revisions\/275836"}],"wp:featuredmedia":[{"embeddable":true,"href":"https:\/\/www.caririemacao.com\/1\/wp-json\/wp\/v2\/media\/275835"}],"wp:attachment":[{"href":"https:\/\/www.caririemacao.com\/1\/wp-json\/wp\/v2\/media?parent=275834"}],"wp:term":[{"taxonomy":"category","embeddable":true,"href":"https:\/\/www.caririemacao.com\/1\/wp-json\/wp\/v2\/categories?post=275834"},{"taxonomy":"post_tag","embeddable":true,"href":"https:\/\/www.caririemacao.com\/1\/wp-json\/wp\/v2\/tags?post=275834"}],"curies":[{"name":"wp","href":"https:\/\/api.w.org\/{rel}","templated":true}]}}