{"id":276309,"date":"2023-10-23T07:46:08","date_gmt":"2023-10-23T10:46:08","guid":{"rendered":"https:\/\/www.caririemacao.com\/1\/?p=276309"},"modified":"2023-10-23T07:46:08","modified_gmt":"2023-10-23T10:46:08","slug":"brasil-e-prata-na-disputa-por-equipes-na-ginastica-artistica-feminina","status":"publish","type":"post","link":"https:\/\/www.caririemacao.com\/1\/2023\/10\/23\/brasil-e-prata-na-disputa-por-equipes-na-ginastica-artistica-feminina\/","title":{"rendered":"Brasil \u00e9 prata na disputa por equipes na gin\u00e1stica art\u00edstica feminina"},"content":{"rendered":"<div class=\"row\">\n<p class=\"col-10 offset-1 animated fadeInDown dealy-900 display-8 display-md-8 alt-font font-italic my-1 text-center\" style=\"text-align: center;\"><em><strong>Time liderado por Rebeca Andrade ficou atr\u00e1s apenas dos EUA<\/strong><\/em><\/p>\n<p>A equipe feminina de gin\u00e1stica art\u00edstica do Brasil garantiu a medalha de prata nos Jogos Pan-Americanos, que est\u00e3o sendo disputados em Santiago (Chile). Na noite de ontem domingo (22), a equipe formada por Fl\u00e1via Saraiva, Jade Barbosa, J\u00falia Soares, Carolyne Pedro e Rebeca Andrade garantiu o p\u00f3dio e igualou o melhor resultado do Brasil na hist\u00f3ria da prova, que havia sido alcan\u00e7ado nos Jogos do Rio de Janeiro, no ano de 2007.<img decoding=\"async\" src=\"https:\/\/agenciabrasil.ebc.com.br\/ebc.png?id=1562205&amp;o=node\" \/><img decoding=\"async\" src=\"https:\/\/agenciabrasil.ebc.com.br\/ebc.gif?id=1562205&amp;o=node\" \/><\/p>\n<div class=\"twitter-tweet twitter-tweet-rendered\"><iframe id=\"twitter-widget-0\" class=\"\" title=\"Twitter Tweet\" src=\"https:\/\/platform.twitter.com\/embed\/Tweet.html?creatorScreenName=agenciabrasil&amp;dnt=false&amp;embedId=twitter-widget-0&amp;features=eyJ0ZndfdGltZWxpbmVfbGlzdCI6eyJidWNrZXQiOltdLCJ2ZXJzaW9uIjpudWxsfSwidGZ3X2ZvbGxvd2VyX2NvdW50X3N1bnNldCI6eyJidWNrZXQiOnRydWUsInZlcnNpb24iOm51bGx9LCJ0ZndfdHdlZXRfZWRpdF9iYWNrZW5kIjp7ImJ1Y2tldCI6Im9uIiwidmVyc2lvbiI6bnVsbH0sInRmd19yZWZzcmNfc2Vzc2lvbiI6eyJidWNrZXQiOiJvbiIsInZlcnNpb24iOm51bGx9LCJ0ZndfZm9zbnJfc29mdF9pbnRlcnZlbnRpb25zX2VuYWJsZWQiOnsiYnVja2V0Ijoib24iLCJ2ZXJzaW9uIjpudWxsfSwidGZ3X21peGVkX21lZGlhXzE1ODk3Ijp7ImJ1Y2tldCI6InRyZWF0bWVudCIsInZlcnNpb24iOm51bGx9LCJ0ZndfZXhwZXJpbWVudHNfY29va2llX2V4cGlyYXRpb24iOnsiYnVja2V0IjoxMjA5NjAwLCJ2ZXJzaW9uIjpudWxsfSwidGZ3X3Nob3dfYmlyZHdhdGNoX3Bpdm90c19lbmFibGVkIjp7ImJ1Y2tldCI6Im9uIiwidmVyc2lvbiI6bnVsbH0sInRmd19kdXBsaWNhdGVfc2NyaWJlc190b19zZXR0aW5ncyI6eyJidWNrZXQiOiJvbiIsInZlcnNpb24iOm51bGx9LCJ0ZndfdXNlX3Byb2ZpbGVfaW1hZ2Vfc2hhcGVfZW5hYmxlZCI6eyJidWNrZXQiOiJvbiIsInZlcnNpb24iOm51bGx9LCJ0ZndfdmlkZW9faGxzX2R5bmFtaWNfbWFuaWZlc3RzXzE1MDgyIjp7ImJ1Y2tldCI6InRydWVfYml0cmF0ZSIsInZlcnNpb24iOm51bGx9LCJ0ZndfbGVnYWN5X3RpbWVsaW5lX3N1bnNldCI6eyJidWNrZXQiOnRydWUsInZlcnNpb24iOm51bGx9LCJ0ZndfdHdlZXRfZWRpdF9mcm9udGVuZCI6eyJidWNrZXQiOiJvbiIsInZlcnNpb24iOm51bGx9fQ%3D%3D&amp;frame=false&amp;hideCard=false&amp;hideThread=false&amp;id=1716220411254317385&amp;lang=pt&amp;origin=https%3A%2F%2Fagenciabrasil.ebc.com.br%2Fesportes%2Fnoticia%2F2023-10%2Fbrasil-e-prata-na-disputa-por-equipes-na-ginastica-artistica-feminina&amp;sessionId=1a18e4c50a0823b777965ba34fa16d730bc7e10f&amp;siteScreenName=agenciabrasil&amp;theme=light&amp;widgetsVersion=01917f4d1d4cb%3A1696883169554&amp;width=550px\" frameborder=\"0\" scrolling=\"no\" allowfullscreen=\"allowfullscreen\" data-tweet-id=\"1716220411254317385\" data-mce-fragment=\"1\"><\/iframe><\/div>\n<p>Ao contr\u00e1rio do que ocorreu no Mundial da modalidade, que acabou com a medalha de prata do Brasil h\u00e1 praticamente um m\u00eas na B\u00e9lgica, os Jogos Pan-Americanos utilizam as eliminat\u00f3rias individuais por aparelhos para definir os campe\u00f5es por equipes. Na estreia da multimedalhista ol\u00edmpica e mundial em Jogos Pan-Americanos, Rebeca Andrade ficou de fora do aparelho do solo, preservando o joelho, e avan\u00e7ou \u00e0s finais nos outros tr\u00eas aparelhos, com a melhor m\u00e9dia no salto e em segundo nas barras assim\u00e9tricas e na trave.<\/p>\n<p>Os grandes detalhes que acabaram deixando o Brasil com a prata foram as falhas de Jade Barbosa e de Carolyne Pedro na apresenta\u00e7\u00e3o das barras assim\u00e9tricas. Fl\u00e1via Saraiva se garantiu em quatro finais individuais: solo, barras assim\u00e9tricas, individual geral (que soma as notas dos quatro aparelhos) e trave. Jade Barbosa est\u00e1 na decis\u00e3o do individual geral. J\u00falia Soares ainda conseguiu a vaga na final do solo.<\/p>\n<p>No total da disputa por equipes, o Brasil garantiu a medalha de prata fechando a prova com 161,594 pontos. Os Estados Unidos, que se apresentaram antes, alcan\u00e7aram a marca de 165,196 pontos. O Canad\u00e1 garantiu o bronze com 154,230 pontos.<\/p>\n<p>FONTE: Ag\u00eancia Brasil<\/p>\n<\/div>\n","protected":false},"excerpt":{"rendered":"<p>Time liderado por Rebeca Andrade ficou atr\u00e1s apenas dos EUA A equipe feminina de gin\u00e1stica art\u00edstica do Brasil garantiu a medalha de prata nos Jogos Pan-Americanos, que est\u00e3o sendo disputados em Santiago (Chile). Na noite de ontem domingo (22), a equipe formada por Fl\u00e1via Saraiva, Jade Barbosa, J\u00falia Soares, Carolyne Pedro e Rebeca Andrade garantiu o p\u00f3dio e igualou o melhor resultado do Brasil na hist\u00f3ria da prova, que havia sido alcan\u00e7ado nos Jogos do Rio de Janeiro, no ano de 2007. Ao contr\u00e1rio do que ocorreu no Mundial da modalidade, que acabou com a medalha de prata do Brasil h\u00e1 praticamente um m\u00eas na B\u00e9lgica, os Jogos Pan-Americanos utilizam as eliminat\u00f3rias individuais por aparelhos para definir os campe\u00f5es por equipes. Na estreia da multimedalhista ol\u00edmpica e mundial em Jogos Pan-Americanos, Rebeca Andrade ficou de fora do aparelho do solo, preservando o joelho, e avan\u00e7ou \u00e0s finais nos outros tr\u00eas aparelhos, com a melhor m\u00e9dia no salto e em segundo nas barras assim\u00e9tricas e na trave. Os grandes detalhes que acabaram deixando o Brasil com a prata foram as falhas de Jade Barbosa e de Carolyne Pedro na apresenta\u00e7\u00e3o das barras assim\u00e9tricas. Fl\u00e1via Saraiva se garantiu em quatro finais individuais: solo, barras assim\u00e9tricas, individual geral (que soma as notas dos quatro aparelhos) e trave. Jade Barbosa est\u00e1 na decis\u00e3o do individual geral. J\u00falia Soares ainda conseguiu a vaga na final do solo. No total da disputa por equipes, o Brasil garantiu a medalha de prata fechando a prova com 161,594 pontos. Os Estados Unidos, que se apresentaram antes, alcan\u00e7aram a marca de 165,196 pontos. O Canad\u00e1 garantiu o bronze com 154,230 pontos. FONTE: Ag\u00eancia Brasil<\/p>\n","protected":false},"author":6,"featured_media":276310,"comment_status":"closed","ping_status":"closed","sticky":false,"template":"","format":"standard","meta":{"sfsi_plus_gutenberg_text_before_share":"","sfsi_plus_gutenberg_show_text_before_share":"","sfsi_plus_gutenberg_icon_type":"","sfsi_plus_gutenberg_icon_alignemt":"","sfsi_plus_gutenburg_max_per_row":"","footnotes":""},"categories":[50],"tags":[],"class_list":["post-276309","post","type-post","status-publish","format-standard","has-post-thumbnail","hentry","category-destaque"],"_links":{"self":[{"href":"https:\/\/www.caririemacao.com\/1\/wp-json\/wp\/v2\/posts\/276309","targetHints":{"allow":["GET"]}}],"collection":[{"href":"https:\/\/www.caririemacao.com\/1\/wp-json\/wp\/v2\/posts"}],"about":[{"href":"https:\/\/www.caririemacao.com\/1\/wp-json\/wp\/v2\/types\/post"}],"author":[{"embeddable":true,"href":"https:\/\/www.caririemacao.com\/1\/wp-json\/wp\/v2\/users\/6"}],"replies":[{"embeddable":true,"href":"https:\/\/www.caririemacao.com\/1\/wp-json\/wp\/v2\/comments?post=276309"}],"version-history":[{"count":1,"href":"https:\/\/www.caririemacao.com\/1\/wp-json\/wp\/v2\/posts\/276309\/revisions"}],"predecessor-version":[{"id":276311,"href":"https:\/\/www.caririemacao.com\/1\/wp-json\/wp\/v2\/posts\/276309\/revisions\/276311"}],"wp:featuredmedia":[{"embeddable":true,"href":"https:\/\/www.caririemacao.com\/1\/wp-json\/wp\/v2\/media\/276310"}],"wp:attachment":[{"href":"https:\/\/www.caririemacao.com\/1\/wp-json\/wp\/v2\/media?parent=276309"}],"wp:term":[{"taxonomy":"category","embeddable":true,"href":"https:\/\/www.caririemacao.com\/1\/wp-json\/wp\/v2\/categories?post=276309"},{"taxonomy":"post_tag","embeddable":true,"href":"https:\/\/www.caririemacao.com\/1\/wp-json\/wp\/v2\/tags?post=276309"}],"curies":[{"name":"wp","href":"https:\/\/api.w.org\/{rel}","templated":true}]}}