{"id":27647,"date":"2017-09-02T23:51:55","date_gmt":"2017-09-03T02:51:55","guid":{"rendered":"http:\/\/caririemacao.com\/1\/?p=27647"},"modified":"2017-09-02T23:51:35","modified_gmt":"2017-09-03T02:51:35","slug":"camara-de-sao-joao-do-cariri-realiza-sessao-e-concede-licenca-medica-ao-vereador-george-aquino","status":"publish","type":"post","link":"https:\/\/www.caririemacao.com\/1\/2017\/09\/02\/camara-de-sao-joao-do-cariri-realiza-sessao-e-concede-licenca-medica-ao-vereador-george-aquino\/","title":{"rendered":"C\u00e2mara de S\u00e3o Jo\u00e3o do Cariri realiza sess\u00e3o e concede licen\u00e7a m\u00e9dica ao vereador George Aquino"},"content":{"rendered":"<p>A C\u00e2mara Municipal de S\u00e3o Jo\u00e3o do Cariri, presidida pelo vereador H\u00e9lio Morais, realizou na noite desta sexta-feira, dia 1\u00ba de setembro, sess\u00e3o ordin\u00e1ria e discutiu diversos temas, aprovando requerimentos e projeto de resolu\u00e7\u00e3o que concede licen\u00e7a m\u00e9dica ao vereador George Aquino (PSB).<\/p>\n<p>Inicialmente, o presidente H\u00e9lio Morais colocou em vota\u00e7\u00e3o quatro requerimentos, sendo dois do vereador Francisco J\u00fanior, um do pr\u00f3prio presidente H\u00e9lio e um do vereador Juber de Farias Ramos.<\/p>\n<p><img fetchpriority=\"high\" decoding=\"async\" class=\"aligncenter wp-image-27649 size-full\" src=\"http:\/\/caririemacao.com\/1\/wp-content\/uploads\/2017\/09\/DSC_0050.jpg\" alt=\"\" width=\"800\" height=\"533\" srcset=\"https:\/\/www.caririemacao.com\/1\/wp-content\/uploads\/2017\/09\/DSC_0050.jpg 800w, https:\/\/www.caririemacao.com\/1\/wp-content\/uploads\/2017\/09\/DSC_0050-300x200.jpg 300w, https:\/\/www.caririemacao.com\/1\/wp-content\/uploads\/2017\/09\/DSC_0050-768x512.jpg 768w\" sizes=\"(max-width: 800px) 100vw, 800px\" \/><\/p>\n<p>Os requerimentos do vereador Francisco J\u00fanior, um concede Voto de Aplausos ao reverend\u00edssimo Padre S\u00e3ojo\u00e3oense Abelardo de Freitas Barros Neto, pelos seus dez anos de vida sacerdotal. Francisco justificou dizendo que padre Abelardo Neto que no pr\u00f3ximo dia 14 de setembro completar\u00e1 dez anos de ordena\u00e7\u00e3o sacerdotal, \u00e9 um orgulho do povo de S\u00e3o Jo\u00e3o do Cariri. \u00a0\u201cEle celebrou sua primeira missa na Igreja de Nossa Senhora dos Milagres\u201d, lembrou. E o segundo, solicitou que a C\u00e2mara de Vereadores encaminhe of\u00edcio ao secret\u00e1rio de seguran\u00e7a e Defesa Social, Cl\u00e1udio Coelho Lima, que seja disponibilizado uma viatura de forma permanente e aumento do contingente policial para o munic\u00edpio de S\u00e3o Jo\u00e3o do Cariri. De acordo com Francisco, o pedido se faz necess\u00e1rio pelo aumento de casos de assaltos na regi\u00e3o e em particular em S\u00e3o Jo\u00e3o do Cariri, amedrontando e causando inseguran\u00e7a a popula\u00e7\u00e3o.<\/p>\n<p>Os dois requerimentos de Francisco J\u00fanior foram aprovados. Vale destacar que, um dos requerimentos de Francisco serviu de norte para criar um debate sobre seguran\u00e7a p\u00fablica, inclusive, o presidente H\u00e9lio Morais acrescentou pedindo que a Pol\u00edcia Militar disponibilize viaturas e contingente policial para fazer rondas nas estradas que d\u00e3o acesso \u00e0 cidade, haja vista que, nesta pr\u00f3xima semana, milhares de fi\u00e9is fazem peregrina\u00e7\u00e3o nestas estradas sentido Santu\u00e1rio de Nossa Senhora dos Milagres. Ele disse que preza pela seguran\u00e7a dos fi\u00e9is que v\u00e3o a cidade pagar suas promessas.<\/p>\n<p><img decoding=\"async\" class=\"aligncenter wp-image-27650 size-full lazyload\" data-src=\"http:\/\/caririemacao.com\/1\/wp-content\/uploads\/2017\/09\/DSC_0036.jpg\" alt=\"\" width=\"800\" height=\"533\" data-srcset=\"https:\/\/www.caririemacao.com\/1\/wp-content\/uploads\/2017\/09\/DSC_0036.jpg 800w, https:\/\/www.caririemacao.com\/1\/wp-content\/uploads\/2017\/09\/DSC_0036-300x200.jpg 300w, https:\/\/www.caririemacao.com\/1\/wp-content\/uploads\/2017\/09\/DSC_0036-768x512.jpg 768w\" data-sizes=\"(max-width: 800px) 100vw, 800px\" src=\"data:image\/svg+xml;base64,PHN2ZyB3aWR0aD0iMSIgaGVpZ2h0PSIxIiB4bWxucz0iaHR0cDovL3d3dy53My5vcmcvMjAwMC9zdmciPjwvc3ZnPg==\" style=\"--smush-placeholder-width: 800px; --smush-placeholder-aspect-ratio: 800\/533;\" \/><\/p>\n<p>Seguindo a ordem de vota\u00e7\u00e3o, o vereador H\u00e9lio Coutinho de Morais apresentou Votos de Pesar, pelo falecimento do senhor Francisco Cantalice de Queiroz, ocorrido no \u00faltimo dia 11 de Agosto. \u201cQue Deus com sua imensa sabedoria e miseric\u00f3rdia, possa confortar seus familiares e amigos nesse momento de dor e saudades\u201d, acrescentou.<\/p>\n<p><img decoding=\"async\" class=\"aligncenter wp-image-27651 size-full lazyload\" data-src=\"http:\/\/caririemacao.com\/1\/wp-content\/uploads\/2017\/09\/DSC_0055.jpg\" alt=\"\" width=\"800\" height=\"533\" data-srcset=\"https:\/\/www.caririemacao.com\/1\/wp-content\/uploads\/2017\/09\/DSC_0055.jpg 800w, https:\/\/www.caririemacao.com\/1\/wp-content\/uploads\/2017\/09\/DSC_0055-300x200.jpg 300w, https:\/\/www.caririemacao.com\/1\/wp-content\/uploads\/2017\/09\/DSC_0055-768x512.jpg 768w\" data-sizes=\"(max-width: 800px) 100vw, 800px\" src=\"data:image\/svg+xml;base64,PHN2ZyB3aWR0aD0iMSIgaGVpZ2h0PSIxIiB4bWxucz0iaHR0cDovL3d3dy53My5vcmcvMjAwMC9zdmciPjwvc3ZnPg==\" style=\"--smush-placeholder-width: 800px; --smush-placeholder-aspect-ratio: 800\/533;\" \/><\/p>\n<p>No \u00faltimo requerimento, o vereador Juber de Farias Ramos solicitou ao prefeito Cosme Gon\u00e7alves de Farias, que seja aberta uma Rua por tr\u00e1s das instala\u00e7\u00f5es da Funda\u00e7\u00e3o Hospitalar do Munic\u00edpio. Juber justificou que a rua beneficiara o povo que transitam-na naquela localidade, al\u00e9m de dar seguran\u00e7a ao povo, j\u00e1 que, segundo Juber, aquele terreno, por tr\u00e1s do hospital, est\u00e1 servindo para algumas pessoas praticarem atos il\u00edcitos, como por exemplo, consumo de entorpecentes.<\/p>\n<p>Por \u00faltimo, a C\u00e2mara aprovou o projeto de resolu\u00e7\u00e3o que concede ao vereador George Aquino uma licen\u00e7a m\u00e9dica pelo prazo de 60 dias, solicitada pelo parlamentar mediante apresenta\u00e7\u00e3o de atestado m\u00e9dico.<\/p>\n<p>De acordo com a resolu\u00e7\u00e3o, a licen\u00e7a ter\u00e1 validade com data retroativa a 27 de julho de 2017, conforme atestado m\u00e9dico apresentado pelo vereador. Na resolu\u00e7\u00e3o, ficou destacado que a licen\u00e7a, ora aprovada, refere-se apenas ao Mandato do parlamentar e n\u00e3o ter\u00e1 efeitos sobre o processo administrativo disciplinar 01\/2017 que est\u00e1 tramitando junto na Comiss\u00e3o Processante que investiga o parlamentar por supostas irregularidades.<\/p>\n<p><strong>Confira as entrevistas<\/strong><\/p>\n<p><iframe style=\"border: none; overflow: hidden;\" data-src=\"https:\/\/www.facebook.com\/plugins\/video.php?href=https%3A%2F%2Fwww.facebook.com%2FCaririEmAcao%2Fvideos%2F1088529017949787%2F&amp;show_text=0&amp;width=560\" width=\"560\" height=\"315\" frameborder=\"0\" scrolling=\"no\" allowfullscreen=\"allowfullscreen\" src=\"data:image\/svg+xml;base64,PHN2ZyB3aWR0aD0iMSIgaGVpZ2h0PSIxIiB4bWxucz0iaHR0cDovL3d3dy53My5vcmcvMjAwMC9zdmciPjwvc3ZnPg==\" class=\"lazyload\" data-load-mode=\"1\"><\/iframe><\/p>\n<p><strong>Veja as fotos da \u00faltima sess\u00e3o\u00a0<\/strong><\/p>\n<p><div class=\"ose- ose-uid-a4db7582896f3cf6d2189c6b2afe6f21 ose-embedpress-responsive\" style=\"width:600px; height:550px; max-height:550px; max-width:100%; display:inline-block;\" data-embed-type=\"Facebook\"><iframe allowFullScreen=\"true\" class=\"embera-facebook-iframe-a4db7 lazyload\" data-src=\"https:\/\/www.facebook.com\/plugins\/post.php?href=https%3A%2F%2Fwww.facebook.com%2Fmedia%2Fset%2F%3Fset%3Da.1089061657896523.1073742542.302749469861083%26%23038%3Btype%3D1%26%23038%3Bl%3D58c52f7127&width=600&height=550&show_text=true\" width=\"600\" height=\"550\" style=\"border:none;overflow:hidden\" scrolling=\"no\" frameborder=\"0\" allowTransparency=\"true\" src=\"data:image\/svg+xml;base64,PHN2ZyB3aWR0aD0iMSIgaGVpZ2h0PSIxIiB4bWxucz0iaHR0cDovL3d3dy53My5vcmcvMjAwMC9zdmciPjwvc3ZnPg==\" data-load-mode=\"1\"><\/iframe><\/div><\/p>\n<p><strong>CARIRI EM A\u00c7\u00c3O<\/strong><\/p>\n<p><strong>Leia mais not\u00edcias em\u00a0<\/strong><a href=\"http:\/\/www.caririemacao.com\/\"><strong>caririemacao.com<\/strong><\/a><strong>, siga nossa p\u00e1gina no\u00a0<\/strong><a href=\"https:\/\/www.facebook.com\/CaririEmAcao\/?ref=aymt_homepage_panel\"><strong>Facebook<\/strong><\/a>,<strong>\u00a0<a href=\"https:\/\/www.instagram.com\/cariri_em_acao\/?hl=pt-br\">Instagram<\/a>\u00a0e <\/strong><a href=\"https:\/\/www.youtube.com\/channel\/UCAptA0jQuYQy8vMhLt2m4qg\">Youtube<\/a><strong>\u00a0e veja nossas mat\u00e9rias, v\u00eddeos e fotos. Voc\u00ea tamb\u00e9m pode enviar informa\u00e7\u00f5es \u00e0 Reda\u00e7\u00e3o do Portal Cariri em A\u00e7\u00e3o pelo WhatsApp (83) 9 9634.5791, (83) 9 9601-1162.<\/strong><\/p>\n","protected":false},"excerpt":{"rendered":"<p>A C\u00e2mara Municipal de S\u00e3o Jo\u00e3o do Cariri, presidida pelo vereador H\u00e9lio Morais, realizou na noite desta sexta-feira, dia 1\u00ba de setembro, sess\u00e3o ordin\u00e1ria e&hellip; <\/p>\n","protected":false},"author":2,"featured_media":27648,"comment_status":"closed","ping_status":"closed","sticky":false,"template":"","format":"standard","meta":{"sfsi_plus_gutenberg_text_before_share":"","sfsi_plus_gutenberg_show_text_before_share":"","sfsi_plus_gutenberg_icon_type":"","sfsi_plus_gutenberg_icon_alignemt":"","sfsi_plus_gutenburg_max_per_row":"","footnotes":""},"categories":[11],"tags":[],"class_list":["post-27647","post","type-post","status-publish","format-standard","has-post-thumbnail","hentry","category-politica"],"_links":{"self":[{"href":"https:\/\/www.caririemacao.com\/1\/wp-json\/wp\/v2\/posts\/27647","targetHints":{"allow":["GET"]}}],"collection":[{"href":"https:\/\/www.caririemacao.com\/1\/wp-json\/wp\/v2\/posts"}],"about":[{"href":"https:\/\/www.caririemacao.com\/1\/wp-json\/wp\/v2\/types\/post"}],"author":[{"embeddable":true,"href":"https:\/\/www.caririemacao.com\/1\/wp-json\/wp\/v2\/users\/2"}],"replies":[{"embeddable":true,"href":"https:\/\/www.caririemacao.com\/1\/wp-json\/wp\/v2\/comments?post=27647"}],"version-history":[{"count":0,"href":"https:\/\/www.caririemacao.com\/1\/wp-json\/wp\/v2\/posts\/27647\/revisions"}],"wp:featuredmedia":[{"embeddable":true,"href":"https:\/\/www.caririemacao.com\/1\/wp-json\/wp\/v2\/media\/27648"}],"wp:attachment":[{"href":"https:\/\/www.caririemacao.com\/1\/wp-json\/wp\/v2\/media?parent=27647"}],"wp:term":[{"taxonomy":"category","embeddable":true,"href":"https:\/\/www.caririemacao.com\/1\/wp-json\/wp\/v2\/categories?post=27647"},{"taxonomy":"post_tag","embeddable":true,"href":"https:\/\/www.caririemacao.com\/1\/wp-json\/wp\/v2\/tags?post=27647"}],"curies":[{"name":"wp","href":"https:\/\/api.w.org\/{rel}","templated":true}]}}